{"id":5069,"date":"2026-04-30T10:49:19","date_gmt":"2026-04-30T06:49:19","guid":{"rendered":"https:\/\/yenituran.az\/?p=5069"},"modified":"2026-04-30T10:49:19","modified_gmt":"2026-04-30T06:49:19","slug":"isgaldan-azad-edilmis-%c9%99razil%c9%99rd%c9%99-iqtisadi-aktivlik-abdf-in-maliyy%c9%99-mexanizml%c9%99ri-il%c9%99-d%c9%99st%c9%99kl%c9%99nir","status":"publish","type":"post","link":"https:\/\/yenituran.az\/?p=5069","title":{"rendered":"\u0130\u015f\u011faldan azad edilmi\u015f \u0259razil\u0259rd\u0259 iqtisadi aktivlik ABDF-in maliyy\u0259 mexanizml\u0259ri il\u0259 d\u0259st\u0259kl\u0259nir"},"content":{"rendered":"\n<p>\u0130\u015f\u011faldan azad edilmi\u015f \u0259razil\u0259rd\u0259 iqtisadiyyat\u0131n b\u0259rpas\u0131 v\u0259 davaml\u0131 inki\u015faf\u0131n t\u0259min edilm\u0259si \u0130qtisadiyyat Nazirliyinin tabeliyind\u0259 Az\u0259rbaycan Biznesinin \u0130nki\u015faf\u0131 Fondunun (ABDF) \u0259sas prioritetl\u0259rind\u0259n biri kimi m\u00fc\u0259yy\u0259n edilib. Fond bu \u0259razil\u0259rd\u0259 iqtisadi f\u0259all\u0131\u011f\u0131n art\u0131r\u0131lmas\u0131, yeni biznes subyektl\u0259rinin formala\u015fmas\u0131 v\u0259 m\u00f6vcud t\u0259\u015f\u0259bb\u00fcsl\u0259rin geni\u015fl\u0259ndirilm\u0259si \u00fc\u00e7\u00fcn \u00fc\u00e7 \u0259sas maliyy\u0259 mexanizmi \u2013 birba\u015fa investisiya, z\u0259man\u0259t v\u0259 subsidiya, el\u0259c\u0259 d\u0259 g\u00fcz\u0259\u015ftli kreditl\u0259r vasit\u0259sil\u0259 kompleks d\u0259st\u0259k g\u00f6st\u0259rir. Bu mexanizml\u0259r regionda h\u0259m real sektorun inki\u015faf\u0131na, h\u0259m d\u0259 m\u0259\u015f\u011fullu\u011fun art\u0131r\u0131lmas\u0131na t\u00f6hf\u0259 verm\u0259y\u0259 h\u0259d\u0259fl\u0259nib.<\/p>\n\n\n\n<p>\u0130\u015f\u011faldan azad edilmi\u015f \u0259razil\u0259rd\u0259 h\u0259yata ke\u00e7iril\u0259n investisiya layih\u0259l\u0259ri regionun iqtisadi potensial\u0131n\u0131n realla\u015fd\u0131r\u0131lmas\u0131, s\u0259naye v\u0259 enerji infrastrukturunun formala\u015fd\u0131r\u0131lmas\u0131 bax\u0131m\u0131ndan strateji \u0259h\u0259miyy\u0259t da\u015f\u0131y\u0131r. H\u0259yata ke\u00e7iril\u0259n layih\u0259l\u0259r yerli istehsal\u0131 v\u0259 ixrac imkanlar\u0131n\u0131 geni\u015fl\u0259ndirm\u0259kl\u0259 yana\u015f\u0131, yeni i\u015f yerl\u0259rinin yarad\u0131lmas\u0131 v\u0259 dayan\u0131ql\u0131 iqtisadi m\u00fchitin formala\u015fmas\u0131na birba\u015fa xidm\u0259t edir.<\/p>\n\n\n\n<p><strong><em>K\u0259lb\u0259c\u0259r-La\u00e7\u0131n Su Elektrik Stansiyalar\u0131<\/em><\/strong><\/p>\n\n\n\n<p>ABDF v\u0259 T\u00fcrkiy\u0259nin &#8220;Demir\u00f6ren Yat\u0131r\u0131m Holding A.\u015e.&#8221; \u015eirk\u0259tl\u0259r Qrupu aras\u0131nda ba\u011flanm\u0131\u015f Birg\u0259 \u0130\u015ftirak M\u00fcqavil\u0259sin\u0259 \u0259sas\u0259n K\u0259lb\u0259c\u0259r v\u0259 La\u00e7\u0131n rayonlar\u0131nda d\u00f6vl\u0259t-\u00f6z\u0259l t\u0259r\u0259fda\u015fl\u0131\u011f\u0131 prinsipi il\u0259 4 ki\u00e7ik su elektrik stansiyas\u0131n\u0131n b\u0259rpas\u0131 v\u0259 istismar\u0131 n\u0259z\u0259rd\u0259 tutulur. \u0130ld\u0259 t\u0259xmin\u0259n 7000 ev t\u0259s\u0259rr\u00fcfat\u0131n\u0131n fasil\u0259siz elektrik enerjisi il\u0259 t\u0259chiz edilm\u0259si planla\u015fd\u0131r\u0131l\u0131r. Layih\u0259nin \u00fcmumi d\u0259y\u0259ri 27,5 milyon AB\u015e dollar\u0131 t\u0259\u015fkil edir.<\/p>\n\n\n\n<p><strong><em>&#8220;\u015e\u0259f\u0259q&#8221; G\u00fcn\u0259\u015f Elektrik Stansiyas\u0131<\/em><\/strong><\/p>\n\n\n\n<p>\u0130\u015f\u011faldan azad edilmi\u015f \u0259razil\u0259rd\u0259 ilk s\u0259naye miqyasl\u0131 g\u00fcn\u0259\u015f enerjisi layih\u0259si v\u0259 \u0259n b\u00f6y\u00fck xarici investisiya t\u0259\u015f\u0259bb\u00fcs\u00fc olan \u201c\u015e\u0259f\u0259q\u201d G\u00fcn\u0259\u015f Elektrik Stansiyas\u0131 da ABDF-in&nbsp; d\u0259st\u0259yi il\u0259 icra olunan layih\u0259l\u0259rd\u0259n biridir. \u201c\u015e\u0259f\u0259q\u201d G\u00fcn\u0259\u015f Elektrik Stansiyas\u0131 vasit\u0259sil\u0259 C\u0259bray\u0131l rayonunun elektrik \u015f\u0259b\u0259k\u0259sin\u0259 enerji \u00f6t\u00fcr\u00fclm\u0259si, &nbsp;eyni zamanda S\u0259ng\u0259\u00e7al terminal\u0131n\u0131n enerji ehtiyaclar\u0131n\u0131 b\u0259rpa olunan enerji hesab\u0131na t\u0259min edilm\u0259si n\u0259z\u0259rd\u0259 tutulub. \u00dcmumi d\u0259y\u0259ri 204 milyon AB\u015e dollar\u0131 olan bu layih\u0259nin \u0259sas h\u0259d\u0259fi Az\u0259rbaycan\u0131n ya\u015f\u0131l enerji sektorunu inki\u015faf etdirm\u0259k v\u0259 ekoloji davaml\u0131l\u0131\u011f\u0131 art\u0131rmaqd\u0131r.<\/p>\n\n\n\n<p><strong><em>\u201cBafco Invest\u201d MMC<\/em><\/strong><\/p>\n\n\n\n<p>Fond bu \u0259razil\u0259rd\u0259 s\u0259naye istehsal\u0131 istiqam\u0259tind\u0259 f\u0259aliyy\u0259t g\u00f6st\u0259r\u0259n irimiqyasl\u0131 layih\u0259l\u0259rd\u0259 d\u0259 i\u015ftirak ed\u0259r\u0259k iqtisadi aktivliyin b\u0259rpas\u0131na d\u0259st\u0259k olur. A\u011fdam S\u0259naye Park\u0131nda f\u0259aliyy\u0259t g\u00f6st\u0259r\u0259n &#8220;Bafco Invest&#8221; MMC zavodunun i\u015f\u00e7i ayaqqab\u0131lar\u0131 istehsal\u0131 layih\u0259si bu i\u015ftirak\u0131n n\u00fcmun\u0259vi n\u0259tic\u0259sidir. M\u00fcasir keyfiyy\u0259t standartlar\u0131na cavab ver\u0259n istehsal prosesin\u0259 \u0259saslanan layih\u0259nin \u00fcmumi d\u0259y\u0259ri 15,1 milyon manatd\u0131r.<\/p>\n\n\n\n<p><strong><em>\u201c\u015eahbulag Mining&#8221; MMC<\/em><\/strong><\/p>\n\n\n\n<p>&#8220;\u015eahbulag Mining&#8221; MMC t\u0259r\u0259find\u0259n A\u011fdam rayonunun \u015eahbulaq \u0259h\u0259ngda\u015f\u0131 yata\u011f\u0131n\u0131n istismar\u0131 v\u0259 Xocal\u0131 \u015f\u0259h\u0259rind\u0259 sement istehsal\u0131 layih\u0259si icra olunmaqdad\u0131r. Layih\u0259 \u00e7\u0259r\u00e7iv\u0259sind\u0259 mi\u015far da\u015f\u0131 v\u0259 sement istehsal\u0131 h\u0259yata ke\u00e7irilir ki, bu da Qaraba\u011f v\u0259 \u015e\u0259rqi Z\u0259ng\u0259zurda apar\u0131lan tikinti v\u0259 b\u0259rpa i\u015fl\u0259rin\u0259 birba\u015fa t\u00f6hf\u0259 verir. Layih\u0259nin \u00fcmumi d\u0259y\u0259ri 5,17 milyon manat t\u0259\u015fkil edir<\/p>\n\n\n\n<p><strong>Z\u0259man\u0259t v\u0259 subsidiya d\u0259st\u0259yi il\u0259 yarad\u0131lan real imkanlar<\/strong><\/p>\n\n\n\n<p>ABDF t\u0259r\u0259find\u0259n t\u0259tbiq edil\u0259n z\u0259man\u0259t v\u0259 subsidiya mexanizmi sahibkarlar\u0131n maliyy\u0259 resurslar\u0131na \u00e7\u0131x\u0131\u015f\u0131n\u0131 daha da asanla\u015fd\u0131r\u0131r v\u0259 kredit riskl\u0259rini minimuma endirir. Mexanizm\u0259 \u0259sas\u0259n sahibkarlar\u0131n bank v\u0259 bank olmayan kredit t\u0259\u015fkilatlar\u0131ndan \u0259ld\u0259 etdikl\u0259ri kreditl\u0259rin 90%-d\u0259k hiss\u0259sin\u0259 d\u00f6vl\u0259t z\u0259man\u0259ti verilir. Eyni zamanda, kreditl\u0259r \u00fczr\u0259 illik faiz d\u0259r\u0259c\u0259sinin 10 faiz b\u0259ndi 36 aya q\u0259d\u0259r olan m\u00fcdd\u0259td\u0259 d\u00f6vl\u0259t t\u0259r\u0259find\u0259n subsidiyala\u015fd\u0131r\u0131l\u0131r v\u0259 kreditl\u0259r \u00fc\u00e7\u00fcn \u0259lav\u0259 g\u00fcz\u0259\u015ft m\u00fcdd\u0259ti t\u0259tbiq olunur.<\/p>\n\n\n\n<p>Haz\u0131rda Fond t\u0259r\u0259find\u0259n sahibkarlar\u0131n 52 layih\u0259si \u00fczr\u0259 banklardan \u0259ld\u0259 etdiyi 66,8 milyon manat kredit\u0259 56,5 milyon manat h\u0259cmind\u0259 d\u00f6vl\u0259t z\u0259man\u0259ti verilib. Eyni zamanda, bu layih\u0259l\u0259r \u00fczr\u0259 17,3 milyon manat m\u0259bl\u0259\u011find\u0259 subsidiya t\u0259sdiql\u0259nib.<\/p>\n\n\n\n<p><strong>G\u00fcz\u0259\u015ftli kreditl\u0259rl\u0259 d\u0259st\u0259kl\u0259n\u0259n yerli biznesl\u0259r<\/strong><\/p>\n\n\n\n<p>Fond t\u0259r\u0259find\u0259n sahibkarl\u0131\u011f\u0131n d\u0259st\u0259kl\u0259nm\u0259sin\u0259 y\u00f6n\u0259lmi\u015f g\u00fcz\u0259\u015ftli kredit mexanizmi i\u015f\u011faldan azad edilmi\u015f \u0259razil\u0259rd\u0259 f\u0259aliyy\u0259t g\u00f6st\u0259r\u0259n biznes subyektl\u0259rinin daha \u0259lveri\u015fli \u015f\u0259rtl\u0259rl\u0259 maliyy\u0259 resurslar\u0131na \u00e7\u0131x\u0131\u015f\u0131n\u0131 t\u0259min edir. Bu kreditl\u0259r a\u015fa\u011f\u0131 faiz d\u0259r\u0259c\u0259l\u0259ri, uzunm\u00fcdd\u0259tli qaytar\u0131lma qrafiki v\u0259 g\u00fcz\u0259\u015ft m\u00fcdd\u0259tl\u0259ri il\u0259 se\u00e7il\u0259r\u0259k sahibkarlar\u0131n maliyy\u0259 y\u00fck\u00fcn\u00fc \u0259h\u0259miyy\u0259tli d\u0259r\u0259c\u0259d\u0259 azald\u0131r v\u0259 biznesl\u0259rin davaml\u0131 inki\u015faf\u0131n\u0131 stimulla\u015fd\u0131r\u0131r.<\/p>\n\n\n\n<p>\u0130ndiy\u0259d\u0259k azad edilmi\u015f \u0259razil\u0259rimizd\u0259 \u00fcmumilikd\u0259 28 layih\u0259 \u00fczr\u0259 sahibkarlara 45,8 milyon manat h\u0259cmind\u0259 g\u00fcz\u0259\u015ftli kredit t\u0259qdim edilib.<\/p>\n\n\n\n<p>ABDF t\u0259r\u0259find\u0259n t\u0259qdim olunan maliyy\u0259 mexanizml\u0259ri i\u015f\u011faldan azad edilmi\u015f \u0259razil\u0259rd\u0259 iqtisadi f\u0259all\u0131\u011f\u0131n art\u0131r\u0131lmas\u0131na, yeni i\u015f yerl\u0259rinin yarad\u0131lmas\u0131na v\u0259 regionun dayan\u0131ql\u0131 inki\u015faf\u0131na m\u00fch\u00fcm t\u00f6hf\u0259 verm\u0259kl\u0259 yana\u015f\u0131, sahibkarl\u0131\u011f\u0131n geni\u015fl\u0259nm\u0259si \u00fc\u00e7\u00fcn uzunm\u00fcdd\u0259tli maliyy\u0259 \u0259l\u00e7atanl\u0131\u011f\u0131n\u0131n formala\u015fd\u0131r\u0131lmas\u0131na xidm\u0259t edir. Bu yana\u015fma h\u0259m biznes t\u0259\u015f\u0259bb\u00fcsl\u0259rinin realla\u015fd\u0131r\u0131lmas\u0131n\u0131 s\u00fcr\u0259tl\u0259ndirir, h\u0259m d\u0259 regionun iqtisadi potensial\u0131n\u0131n daha s\u0259m\u0259r\u0259li \u015f\u0259kild\u0259 s\u0259f\u0259rb\u0259r olunmas\u0131na \u015f\u0259rait yarad\u0131r.<\/p>\n","protected":false},"excerpt":{"rendered":"<p>\u0130\u015f\u011faldan azad edilmi\u015f \u0259razil\u0259rd\u0259 iqtisadiyyat\u0131n b\u0259rpas\u0131 v\u0259 davaml\u0131 inki\u015faf\u0131n t\u0259min edilm\u0259si \u0130qtisadiyyat Nazirliyinin tabeliyind\u0259 Az\u0259rbaycan Biznesinin \u0130nki\u015faf\u0131 Fondunun (ABDF) \u0259sas prioritetl\u0259rind\u0259n biri kimi m\u00fc\u0259yy\u0259n edilib. Fond bu \u0259razil\u0259rd\u0259 iqtisadi f\u0259all\u0131\u011f\u0131n art\u0131r\u0131lmas\u0131, yeni biznes subyektl\u0259rinin formala\u015fmas\u0131 v\u0259 m\u00f6vcud t\u0259\u015f\u0259bb\u00fcsl\u0259rin geni\u015fl\u0259ndirilm\u0259si \u00fc\u00e7\u00fcn \u00fc\u00e7 \u0259sas maliyy\u0259 mexanizmi \u2013 birba\u015fa investisiya, z\u0259man\u0259t v\u0259 subsidiya, el\u0259c\u0259 d\u0259 g\u00fcz\u0259\u015ftli kreditl\u0259r vasit\u0259sil\u0259 [&hellip;]<\/p>\n","protected":false},"author":1,"featured_media":5071,"comment_status":"open","ping_status":"open","sticky":false,"template":"","format":"standard","meta":{"footnotes":""},"categories":[8],"tags":[],"class_list":["post-5069","post","type-post","status-publish","format-standard","has-post-thumbnail","hentry","category-iqtisadiyyat"],"yoast_head":"<!-- This site is optimized with the Yoast SEO plugin v27.5 - https:\/\/yoast.com\/product\/yoast-seo-wordpress\/ -->\n<title>\u0130\u015f\u011faldan azad edilmi\u015f \u0259razil\u0259rd\u0259 iqtisadi aktivlik ABDF-in maliyy\u0259 mexanizml\u0259ri il\u0259 d\u0259st\u0259kl\u0259nir - YEN\u0130 TURANLA X\u018fB\u018fR VAXTI<\/title>\n<meta name=\"robots\" content=\"index, follow, max-snippet:-1, max-image-preview:large, max-video-preview:-1\" \/>\n<link rel=\"canonical\" href=\"https:\/\/yenituran.az\/?p=5069\" \/>\n<meta property=\"og:locale\" content=\"az_AZ\" \/>\n<meta property=\"og:type\" content=\"article\" \/>\n<meta property=\"og:title\" content=\"\u0130\u015f\u011faldan azad edilmi\u015f \u0259razil\u0259rd\u0259 iqtisadi aktivlik ABDF-in maliyy\u0259 mexanizml\u0259ri il\u0259 d\u0259st\u0259kl\u0259nir - YEN\u0130 TURANLA X\u018fB\u018fR VAXTI\" \/>\n<meta property=\"og:description\" content=\"\u0130\u015f\u011faldan azad edilmi\u015f \u0259razil\u0259rd\u0259 iqtisadiyyat\u0131n b\u0259rpas\u0131 v\u0259 davaml\u0131 inki\u015faf\u0131n t\u0259min edilm\u0259si \u0130qtisadiyyat Nazirliyinin tabeliyind\u0259 Az\u0259rbaycan Biznesinin \u0130nki\u015faf\u0131 Fondunun (ABDF) \u0259sas prioritetl\u0259rind\u0259n biri kimi m\u00fc\u0259yy\u0259n edilib. Fond bu \u0259razil\u0259rd\u0259 iqtisadi f\u0259all\u0131\u011f\u0131n art\u0131r\u0131lmas\u0131, yeni biznes subyektl\u0259rinin formala\u015fmas\u0131 v\u0259 m\u00f6vcud t\u0259\u015f\u0259bb\u00fcsl\u0259rin geni\u015fl\u0259ndirilm\u0259si \u00fc\u00e7\u00fcn \u00fc\u00e7 \u0259sas maliyy\u0259 mexanizmi \u2013 birba\u015fa investisiya, z\u0259man\u0259t v\u0259 subsidiya, el\u0259c\u0259 d\u0259 g\u00fcz\u0259\u015ftli kreditl\u0259r vasit\u0259sil\u0259 [&hellip;]\" \/>\n<meta property=\"og:url\" content=\"https:\/\/yenituran.az\/?p=5069\" \/>\n<meta property=\"og:site_name\" content=\"YEN\u0130 TURANLA X\u018fB\u018fR VAXTI\" \/>\n<meta property=\"article:published_time\" content=\"2026-04-30T06:49:19+00:00\" \/>\n<meta property=\"og:image\" content=\"http:\/\/yenituran.az\/wp-content\/uploads\/2026\/04\/5f6427da-8b44-4d95-9d56-d436406f73e0.jpg\" \/>\n\t<meta property=\"og:image:width\" content=\"1080\" \/>\n\t<meta property=\"og:image:height\" content=\"1080\" \/>\n\t<meta property=\"og:image:type\" content=\"image\/jpeg\" \/>\n<meta name=\"author\" content=\"Yenituran.az\" \/>\n<meta name=\"twitter:card\" content=\"summary_large_image\" \/>\n<meta name=\"twitter:label1\" content=\"Written by\" \/>\n\t<meta name=\"twitter:data1\" content=\"Yenituran.az\" \/>\n\t<meta name=\"twitter:label2\" content=\"Est. reading time\" \/>\n\t<meta name=\"twitter:data2\" content=\"4 minutes\" \/>\n<script type=\"application\/ld+json\" class=\"yoast-schema-graph\">{\"@context\":\"https:\\\/\\\/schema.org\",\"@graph\":[{\"@type\":\"Article\",\"@id\":\"https:\\\/\\\/yenituran.az\\\/?p=5069#article\",\"isPartOf\":{\"@id\":\"https:\\\/\\\/yenituran.az\\\/?p=5069\"},\"author\":{\"name\":\"Yenituran.az\",\"@id\":\"https:\\\/\\\/yenituran.az\\\/#\\\/schema\\\/person\\\/85472adb2acc776fbe2eec9981422a3d\"},\"headline\":\"\u0130\u015f\u011faldan azad edilmi\u015f \u0259razil\u0259rd\u0259 iqtisadi aktivlik ABDF-in maliyy\u0259 mexanizml\u0259ri il\u0259 d\u0259st\u0259kl\u0259nir\",\"datePublished\":\"2026-04-30T06:49:19+00:00\",\"mainEntityOfPage\":{\"@id\":\"https:\\\/\\\/yenituran.az\\\/?p=5069\"},\"wordCount\":1052,\"commentCount\":0,\"image\":{\"@id\":\"https:\\\/\\\/yenituran.az\\\/?p=5069#primaryimage\"},\"thumbnailUrl\":\"https:\\\/\\\/yenituran.az\\\/wp-content\\\/uploads\\\/2026\\\/04\\\/5f6427da-8b44-4d95-9d56-d436406f73e0.jpg\",\"articleSection\":[\"\u0130QT\u0130SAD\u0130YYAT\"],\"inLanguage\":\"az\",\"potentialAction\":[{\"@type\":\"CommentAction\",\"name\":\"Comment\",\"target\":[\"https:\\\/\\\/yenituran.az\\\/?p=5069#respond\"]}]},{\"@type\":\"WebPage\",\"@id\":\"https:\\\/\\\/yenituran.az\\\/?p=5069\",\"url\":\"https:\\\/\\\/yenituran.az\\\/?p=5069\",\"name\":\"\u0130\u015f\u011faldan azad edilmi\u015f \u0259razil\u0259rd\u0259 iqtisadi aktivlik ABDF-in maliyy\u0259 mexanizml\u0259ri il\u0259 d\u0259st\u0259kl\u0259nir - YEN\u0130 TURANLA X\u018fB\u018fR VAXTI\",\"isPartOf\":{\"@id\":\"https:\\\/\\\/yenituran.az\\\/#website\"},\"primaryImageOfPage\":{\"@id\":\"https:\\\/\\\/yenituran.az\\\/?p=5069#primaryimage\"},\"image\":{\"@id\":\"https:\\\/\\\/yenituran.az\\\/?p=5069#primaryimage\"},\"thumbnailUrl\":\"https:\\\/\\\/yenituran.az\\\/wp-content\\\/uploads\\\/2026\\\/04\\\/5f6427da-8b44-4d95-9d56-d436406f73e0.jpg\",\"datePublished\":\"2026-04-30T06:49:19+00:00\",\"author\":{\"@id\":\"https:\\\/\\\/yenituran.az\\\/#\\\/schema\\\/person\\\/85472adb2acc776fbe2eec9981422a3d\"},\"breadcrumb\":{\"@id\":\"https:\\\/\\\/yenituran.az\\\/?p=5069#breadcrumb\"},\"inLanguage\":\"az\",\"potentialAction\":[{\"@type\":\"ReadAction\",\"target\":[\"https:\\\/\\\/yenituran.az\\\/?p=5069\"]}]},{\"@type\":\"ImageObject\",\"inLanguage\":\"az\",\"@id\":\"https:\\\/\\\/yenituran.az\\\/?p=5069#primaryimage\",\"url\":\"https:\\\/\\\/yenituran.az\\\/wp-content\\\/uploads\\\/2026\\\/04\\\/5f6427da-8b44-4d95-9d56-d436406f73e0.jpg\",\"contentUrl\":\"https:\\\/\\\/yenituran.az\\\/wp-content\\\/uploads\\\/2026\\\/04\\\/5f6427da-8b44-4d95-9d56-d436406f73e0.jpg\",\"width\":1080,\"height\":1080},{\"@type\":\"BreadcrumbList\",\"@id\":\"https:\\\/\\\/yenituran.az\\\/?p=5069#breadcrumb\",\"itemListElement\":[{\"@type\":\"ListItem\",\"position\":1,\"name\":\"Home\",\"item\":\"https:\\\/\\\/yenituran.az\\\/\"},{\"@type\":\"ListItem\",\"position\":2,\"name\":\"\u0130\u015f\u011faldan azad edilmi\u015f \u0259razil\u0259rd\u0259 iqtisadi aktivlik ABDF-in maliyy\u0259 mexanizml\u0259ri il\u0259 d\u0259st\u0259kl\u0259nir\"}]},{\"@type\":\"WebSite\",\"@id\":\"https:\\\/\\\/yenituran.az\\\/#website\",\"url\":\"https:\\\/\\\/yenituran.az\\\/\",\"name\":\"\u27a1\ufe0f YEN\u0130 TURAN\",\"description\":\"\",\"potentialAction\":[{\"@type\":\"SearchAction\",\"target\":{\"@type\":\"EntryPoint\",\"urlTemplate\":\"https:\\\/\\\/yenituran.az\\\/?s={search_term_string}\"},\"query-input\":{\"@type\":\"PropertyValueSpecification\",\"valueRequired\":true,\"valueName\":\"search_term_string\"}}],\"inLanguage\":\"az\"},{\"@type\":\"Person\",\"@id\":\"https:\\\/\\\/yenituran.az\\\/#\\\/schema\\\/person\\\/85472adb2acc776fbe2eec9981422a3d\",\"name\":\"Yenituran.az\",\"image\":{\"@type\":\"ImageObject\",\"inLanguage\":\"az\",\"@id\":\"https:\\\/\\\/secure.gravatar.com\\\/avatar\\\/ed49ef122403fafb3d9b7a6a4d78864bef4e38936f58e590ddd58c0a034b37a9?s=96&d=mm&r=g\",\"url\":\"https:\\\/\\\/secure.gravatar.com\\\/avatar\\\/ed49ef122403fafb3d9b7a6a4d78864bef4e38936f58e590ddd58c0a034b37a9?s=96&d=mm&r=g\",\"contentUrl\":\"https:\\\/\\\/secure.gravatar.com\\\/avatar\\\/ed49ef122403fafb3d9b7a6a4d78864bef4e38936f58e590ddd58c0a034b37a9?s=96&d=mm&r=g\",\"caption\":\"Yenituran.az\"},\"sameAs\":[\"http:\\\/\\\/yenituran.az\"],\"url\":\"https:\\\/\\\/yenituran.az\\\/?author=1\"}]}<\/script>\n<!-- \/ Yoast SEO plugin. -->","yoast_head_json":{"title":"\u0130\u015f\u011faldan azad edilmi\u015f \u0259razil\u0259rd\u0259 iqtisadi aktivlik ABDF-in maliyy\u0259 mexanizml\u0259ri il\u0259 d\u0259st\u0259kl\u0259nir - YEN\u0130 TURANLA X\u018fB\u018fR VAXTI","robots":{"index":"index","follow":"follow","max-snippet":"max-snippet:-1","max-image-preview":"max-image-preview:large","max-video-preview":"max-video-preview:-1"},"canonical":"https:\/\/yenituran.az\/?p=5069","og_locale":"az_AZ","og_type":"article","og_title":"\u0130\u015f\u011faldan azad edilmi\u015f \u0259razil\u0259rd\u0259 iqtisadi aktivlik ABDF-in maliyy\u0259 mexanizml\u0259ri il\u0259 d\u0259st\u0259kl\u0259nir - YEN\u0130 TURANLA X\u018fB\u018fR VAXTI","og_description":"\u0130\u015f\u011faldan azad edilmi\u015f \u0259razil\u0259rd\u0259 iqtisadiyyat\u0131n b\u0259rpas\u0131 v\u0259 davaml\u0131 inki\u015faf\u0131n t\u0259min edilm\u0259si \u0130qtisadiyyat Nazirliyinin tabeliyind\u0259 Az\u0259rbaycan Biznesinin \u0130nki\u015faf\u0131 Fondunun (ABDF) \u0259sas prioritetl\u0259rind\u0259n biri kimi m\u00fc\u0259yy\u0259n edilib. Fond bu \u0259razil\u0259rd\u0259 iqtisadi f\u0259all\u0131\u011f\u0131n art\u0131r\u0131lmas\u0131, yeni biznes subyektl\u0259rinin formala\u015fmas\u0131 v\u0259 m\u00f6vcud t\u0259\u015f\u0259bb\u00fcsl\u0259rin geni\u015fl\u0259ndirilm\u0259si \u00fc\u00e7\u00fcn \u00fc\u00e7 \u0259sas maliyy\u0259 mexanizmi \u2013 birba\u015fa investisiya, z\u0259man\u0259t v\u0259 subsidiya, el\u0259c\u0259 d\u0259 g\u00fcz\u0259\u015ftli kreditl\u0259r vasit\u0259sil\u0259 [&hellip;]","og_url":"https:\/\/yenituran.az\/?p=5069","og_site_name":"YEN\u0130 TURANLA X\u018fB\u018fR VAXTI","article_published_time":"2026-04-30T06:49:19+00:00","og_image":[{"width":1080,"height":1080,"url":"http:\/\/yenituran.az\/wp-content\/uploads\/2026\/04\/5f6427da-8b44-4d95-9d56-d436406f73e0.jpg","type":"image\/jpeg"}],"author":"Yenituran.az","twitter_card":"summary_large_image","twitter_misc":{"Written by":"Yenituran.az","Est. reading time":"4 minutes"},"schema":{"@context":"https:\/\/schema.org","@graph":[{"@type":"Article","@id":"https:\/\/yenituran.az\/?p=5069#article","isPartOf":{"@id":"https:\/\/yenituran.az\/?p=5069"},"author":{"name":"Yenituran.az","@id":"https:\/\/yenituran.az\/#\/schema\/person\/85472adb2acc776fbe2eec9981422a3d"},"headline":"\u0130\u015f\u011faldan azad edilmi\u015f \u0259razil\u0259rd\u0259 iqtisadi aktivlik ABDF-in maliyy\u0259 mexanizml\u0259ri il\u0259 d\u0259st\u0259kl\u0259nir","datePublished":"2026-04-30T06:49:19+00:00","mainEntityOfPage":{"@id":"https:\/\/yenituran.az\/?p=5069"},"wordCount":1052,"commentCount":0,"image":{"@id":"https:\/\/yenituran.az\/?p=5069#primaryimage"},"thumbnailUrl":"https:\/\/yenituran.az\/wp-content\/uploads\/2026\/04\/5f6427da-8b44-4d95-9d56-d436406f73e0.jpg","articleSection":["\u0130QT\u0130SAD\u0130YYAT"],"inLanguage":"az","potentialAction":[{"@type":"CommentAction","name":"Comment","target":["https:\/\/yenituran.az\/?p=5069#respond"]}]},{"@type":"WebPage","@id":"https:\/\/yenituran.az\/?p=5069","url":"https:\/\/yenituran.az\/?p=5069","name":"\u0130\u015f\u011faldan azad edilmi\u015f \u0259razil\u0259rd\u0259 iqtisadi aktivlik ABDF-in maliyy\u0259 mexanizml\u0259ri il\u0259 d\u0259st\u0259kl\u0259nir - YEN\u0130 TURANLA X\u018fB\u018fR VAXTI","isPartOf":{"@id":"https:\/\/yenituran.az\/#website"},"primaryImageOfPage":{"@id":"https:\/\/yenituran.az\/?p=5069#primaryimage"},"image":{"@id":"https:\/\/yenituran.az\/?p=5069#primaryimage"},"thumbnailUrl":"https:\/\/yenituran.az\/wp-content\/uploads\/2026\/04\/5f6427da-8b44-4d95-9d56-d436406f73e0.jpg","datePublished":"2026-04-30T06:49:19+00:00","author":{"@id":"https:\/\/yenituran.az\/#\/schema\/person\/85472adb2acc776fbe2eec9981422a3d"},"breadcrumb":{"@id":"https:\/\/yenituran.az\/?p=5069#breadcrumb"},"inLanguage":"az","potentialAction":[{"@type":"ReadAction","target":["https:\/\/yenituran.az\/?p=5069"]}]},{"@type":"ImageObject","inLanguage":"az","@id":"https:\/\/yenituran.az\/?p=5069#primaryimage","url":"https:\/\/yenituran.az\/wp-content\/uploads\/2026\/04\/5f6427da-8b44-4d95-9d56-d436406f73e0.jpg","contentUrl":"https:\/\/yenituran.az\/wp-content\/uploads\/2026\/04\/5f6427da-8b44-4d95-9d56-d436406f73e0.jpg","width":1080,"height":1080},{"@type":"BreadcrumbList","@id":"https:\/\/yenituran.az\/?p=5069#breadcrumb","itemListElement":[{"@type":"ListItem","position":1,"name":"Home","item":"https:\/\/yenituran.az\/"},{"@type":"ListItem","position":2,"name":"\u0130\u015f\u011faldan azad edilmi\u015f \u0259razil\u0259rd\u0259 iqtisadi aktivlik ABDF-in maliyy\u0259 mexanizml\u0259ri il\u0259 d\u0259st\u0259kl\u0259nir"}]},{"@type":"WebSite","@id":"https:\/\/yenituran.az\/#website","url":"https:\/\/yenituran.az\/","name":"\u27a1\ufe0f YEN\u0130 TURAN","description":"","potentialAction":[{"@type":"SearchAction","target":{"@type":"EntryPoint","urlTemplate":"https:\/\/yenituran.az\/?s={search_term_string}"},"query-input":{"@type":"PropertyValueSpecification","valueRequired":true,"valueName":"search_term_string"}}],"inLanguage":"az"},{"@type":"Person","@id":"https:\/\/yenituran.az\/#\/schema\/person\/85472adb2acc776fbe2eec9981422a3d","name":"Yenituran.az","image":{"@type":"ImageObject","inLanguage":"az","@id":"https:\/\/secure.gravatar.com\/avatar\/ed49ef122403fafb3d9b7a6a4d78864bef4e38936f58e590ddd58c0a034b37a9?s=96&d=mm&r=g","url":"https:\/\/secure.gravatar.com\/avatar\/ed49ef122403fafb3d9b7a6a4d78864bef4e38936f58e590ddd58c0a034b37a9?s=96&d=mm&r=g","contentUrl":"https:\/\/secure.gravatar.com\/avatar\/ed49ef122403fafb3d9b7a6a4d78864bef4e38936f58e590ddd58c0a034b37a9?s=96&d=mm&r=g","caption":"Yenituran.az"},"sameAs":["http:\/\/yenituran.az"],"url":"https:\/\/yenituran.az\/?author=1"}]}},"_links":{"self":[{"href":"https:\/\/yenituran.az\/index.php?rest_route=\/wp\/v2\/posts\/5069","targetHints":{"allow":["GET"]}}],"collection":[{"href":"https:\/\/yenituran.az\/index.php?rest_route=\/wp\/v2\/posts"}],"about":[{"href":"https:\/\/yenituran.az\/index.php?rest_route=\/wp\/v2\/types\/post"}],"author":[{"embeddable":true,"href":"https:\/\/yenituran.az\/index.php?rest_route=\/wp\/v2\/users\/1"}],"replies":[{"embeddable":true,"href":"https:\/\/yenituran.az\/index.php?rest_route=%2Fwp%2Fv2%2Fcomments&post=5069"}],"version-history":[{"count":1,"href":"https:\/\/yenituran.az\/index.php?rest_route=\/wp\/v2\/posts\/5069\/revisions"}],"predecessor-version":[{"id":5072,"href":"https:\/\/yenituran.az\/index.php?rest_route=\/wp\/v2\/posts\/5069\/revisions\/5072"}],"wp:featuredmedia":[{"embeddable":true,"href":"https:\/\/yenituran.az\/index.php?rest_route=\/wp\/v2\/media\/5071"}],"wp:attachment":[{"href":"https:\/\/yenituran.az\/index.php?rest_route=%2Fwp%2Fv2%2Fmedia&parent=5069"}],"wp:term":[{"taxonomy":"category","embeddable":true,"href":"https:\/\/yenituran.az\/index.php?rest_route=%2Fwp%2Fv2%2Fcategories&post=5069"},{"taxonomy":"post_tag","embeddable":true,"href":"https:\/\/yenituran.az\/index.php?rest_route=%2Fwp%2Fv2%2Ftags&post=5069"}],"curies":[{"name":"wp","href":"https:\/\/api.w.org\/{rel}","templated":true}]}}