{"id":5054,"date":"2026-04-29T10:46:33","date_gmt":"2026-04-29T06:46:33","guid":{"rendered":"https:\/\/yenituran.az\/?p=5054"},"modified":"2026-04-29T10:46:34","modified_gmt":"2026-04-29T06:46:34","slug":"az%c9%99rbaycan-cexiya-diplomatik-munasib%c9%99tl%c9%99rin-dinamik-inkisafi","status":"publish","type":"post","link":"https:\/\/yenituran.az\/?p=5054","title":{"rendered":"Az\u0259rbaycan \u2013 \u00c7exiya diplomatik m\u00fcnasib\u0259tl\u0259rin dinamik inki\u015faf\u0131"},"content":{"rendered":"\n<p><strong>Prezident \u0130lham \u018fliyev: <em>\u201c\u0130qtisadi sah\u0259d\u0259 g\u00f6r\u00fcl\u0259c\u0259k i\u015fl\u0259rl\u0259 ba\u011fl\u0131 konkret t\u0259klifl\u0259r var\u201d.<\/em><\/strong><\/p>\n\n\n\n<p>Qlobal \u00e7a\u011f\u0131r\u0131\u015flar\u0131n artd\u0131\u011f\u0131, regional prosesl\u0259rin s\u00fcr\u0259tl\u0259 d\u0259yi\u015fdiyi bir d\u00f6vrd\u0259 \u00f6lk\u0259l\u0259r aras\u0131nda etibarl\u0131 t\u0259r\u0259fda\u015fl\u0131q m\u00fcnasib\u0259tl\u0259rinin qurulmas\u0131 strateji z\u0259rur\u0259t\u0259 \u00e7evrilib. Bu bax\u0131mdan, Az\u0259rbaycan il\u0259 \u00c7ex Respublikas\u0131 aras\u0131nda inki\u015faf ed\u0259n \u0259laq\u0259l\u0259r diqq\u0259ti c\u0259lb edir. 2026-c\u0131 il aprelin 27-d\u0259 Prezident \u0130lham \u018fliyev il\u0259 Ba\u015f nazir Andrey Babi\u015f aras\u0131nda Q\u0259b\u0259l\u0259d\u0259 ke\u00e7iril\u0259n g\u00f6r\u00fc\u015f v\u0259 m\u0259tbuata veril\u0259n b\u0259yanat bu m\u00fcnasib\u0259tl\u0259rin yeni m\u0259rh\u0259l\u0259y\u0259 q\u0259d\u0259m qoydu\u011funu g\u00f6st\u0259r\u0259n m\u00fch\u00fcm siyasi hadis\u0259 kimi qiym\u0259tl\u0259ndiril\u0259 bil\u0259r. Liderl\u0259rin ilk g\u00f6r\u00fc\u015f\u00fcn\u00fcn m\u0259hsuldarl\u0131\u011f\u0131, geni\u015f m\u00f6vzular \u00fczr\u0259 apar\u0131lan m\u00fczakir\u0259l\u0259r v\u0259 qar\u015f\u0131l\u0131ql\u0131 s\u0259f\u0259rl\u0259rin \u0259h\u0259miyy\u0259ti iki \u00f6lk\u0259 aras\u0131nda \u0259m\u0259kda\u015fl\u0131\u011f\u0131n perspektivl\u0259rini daha da aktualla\u015fd\u0131r\u0131r. Prezident \u0130lham \u018fliyev b\u0259yanat\u0131nda vur\u011fulad\u0131 ki, t\u0259r\u0259fl\u0259r aras\u0131nda art\u0131q \u00e7ox f\u0259al siyasi dialoq m\u00f6vcuddur. Bu, sad\u0259c\u0259 diplomatik m\u00fcnasib\u0259tl\u0259rin formal \u00e7\u0259r\u00e7iv\u0259sind\u0259n \u00e7\u0131xaraq, qar\u015f\u0131l\u0131ql\u0131 maraqlara \u0259saslanan real \u0259m\u0259kda\u015fl\u0131q platformas\u0131na \u00e7evrildiyini g\u00f6st\u0259rir. Liderl\u0259rin ilk g\u00f6r\u00fc\u015f\u00fcn\u00fcn m\u0259hsuldar ke\u00e7m\u0259si is\u0259 g\u0259l\u0259c\u0259k \u0259m\u0259kda\u015fl\u0131q \u00fc\u00e7\u00fcn m\u00f6hk\u0259m z\u0259min yarad\u0131r. G\u00f6r\u00fc\u015f zaman\u0131 m\u00fcxt\u0259lif istiqam\u0259tl\u0259r \u00fczr\u0259 geni\u015f fikir m\u00fcbadil\u0259si apar\u0131l\u0131b. Bu istiqam\u0259tl\u0259r\u0259 h\u0259m regional m\u0259s\u0259l\u0259l\u0259r, h\u0259m ikit\u0259r\u0259fli m\u00fcnasib\u0259tl\u0259r, h\u0259m d\u0259 qlobal probleml\u0259r daxildir. Bu, onu g\u00f6st\u0259rir ki, Az\u0259rbaycan v\u0259 \u00c7exiya yaln\u0131z \u00f6z aralar\u0131ndak\u0131 \u0259laq\u0259l\u0259rl\u0259 kifay\u0259tl\u0259nmir, eyni zamanda beyn\u0259lxalq g\u00fcnd\u0259likd\u0259 olan m\u0259s\u0259l\u0259l\u0259r\u0259 d\u0259 ortaq bax\u0131\u015f formala\u015fd\u0131rma\u011fa \u00e7al\u0131\u015f\u0131rlar.<\/p>\n\n\n\n<p>Prezident \u0130lham \u018fliyevin \u00c7exiyan\u0131n Ba\u015f nazirini Az\u0259rbaycana r\u0259smi s\u0259f\u0259r\u0259 d\u0259v\u0259t etm\u0259si v\u0259 bu s\u0259f\u0259rin realla\u015fmas\u0131 m\u00fcnasib\u0259tl\u0259rin dinamik inki\u015faf\u0131n\u0131n bariz n\u00fcmun\u0259sidir. Diplomatik praktika bax\u0131m\u0131ndan bu c\u00fcr s\u0259f\u0259rl\u0259r d\u00f6vl\u0259tl\u0259r aras\u0131nda etimad\u0131n v\u0259 \u0259m\u0259kda\u015fl\u0131q niyy\u0259tinin g\u00f6st\u0259ricisidir.S\u0259f\u0259r \u00e7\u0259r\u00e7iv\u0259sind\u0259 apar\u0131lan dan\u0131\u015f\u0131qlar\u0131n geni\u015f spektri iki \u00f6lk\u0259 aras\u0131nda \u0259laq\u0259l\u0259rin yaln\u0131z siyasi deyil, h\u0259m d\u0259 iqtisadi, enerji, n\u0259qliyyat v\u0259 dig\u0259r sah\u0259l\u0259rd\u0259 inki\u015faf potensial\u0131na malik oldu\u011funu g\u00f6st\u0259rir. X\u00fcsusil\u0259 Az\u0259rbaycan\u0131n enerji resurslar\u0131 v\u0259 \u00c7exiyan\u0131n s\u0259naye potensial\u0131 qar\u015f\u0131l\u0131ql\u0131 faydal\u0131 \u0259m\u0259kda\u015fl\u0131q imkanlar\u0131 yarad\u0131r.<\/p>\n\n\n\n<p>B\u0259yanatda qeyd olundu\u011fu kimi, t\u0259r\u0259fl\u0259r regional v\u0259 qlobal m\u0259s\u0259l\u0259l\u0259ri d\u0259 m\u00fczakir\u0259 edibl\u0259r. Bu, Az\u0259rbaycan\u0131n regionda artan rolunu v\u0259 Avropa \u00f6lk\u0259l\u0259ri il\u0259 \u0259laq\u0259l\u0259rinin strateji \u0259h\u0259miyy\u0259tini bir daha t\u0259sdiql\u0259yir. \u00c7exiya kimi Avropa \u0130ttifaq\u0131 \u00fczv\u00fc olan bir \u00f6lk\u0259 il\u0259 s\u0131x dialoq Az\u0259rbaycan\u0131n Avropa strukturlar\u0131 il\u0259 \u0259laq\u0259l\u0259rinin g\u00fccl\u0259nm\u0259sin\u0259 t\u00f6hf\u0259 verir. Eyni zamanda, bu c\u00fcr g\u00f6r\u00fc\u015fl\u0259r beyn\u0259lxalq t\u0259hl\u00fck\u0259sizlik, enerji t\u0259hl\u00fck\u0259sizliyi v\u0259 iqtisadi sabitlik kimi m\u00f6vzular \u00fczr\u0259 ortaq m\u00f6vqel\u0259rin formala\u015fd\u0131r\u0131lmas\u0131na xidm\u0259t edir.<\/p>\n\n\n\n<p>2026-c\u0131 il aprelin 27-d\u0259 \u0130lham \u018fliyev il\u0259 Andrey Babi\u015f aras\u0131nda ke\u00e7iril\u0259n g\u00f6r\u00fc\u015f Az\u0259rbaycan\u2013\u00c7exiya m\u00fcnasib\u0259tl\u0259rind\u0259 iqtisadi \u0259m\u0259kda\u015fl\u0131\u011f\u0131n yeni m\u0259rh\u0259l\u0259y\u0259 ke\u00e7idini n\u00fcmayi\u015f etdir\u0259n m\u00fch\u00fcm hadis\u0259 kimi qiym\u0259tl\u0259ndiril\u0259 bil\u0259r. G\u00f6r\u00fc\u015fd\u0259n sonra m\u0259tbuata veril\u0259n b\u0259yanatda x\u00fcsusil\u0259 iqtisadi sah\u0259d\u0259 \u0259m\u0259kda\u015fl\u0131\u011f\u0131n geni\u015fl\u0259ndirilm\u0259si, ticar\u0259t d\u00f6vriyy\u0259sinin art\u0131r\u0131lmas\u0131 v\u0259 strukturunun \u015fax\u0259l\u0259ndirilm\u0259si m\u0259s\u0259l\u0259l\u0259ri \u00f6n plana \u00e7\u0131x\u0131b. Prezident \u0130lham \u018fliyev \u00e7\u0131x\u0131\u015f\u0131nda qeyd etdi ki, iqtisadi sah\u0259d\u0259 g\u00f6r\u00fcl\u0259c\u0259k i\u015fl\u0259rl\u0259 ba\u011fl\u0131 art\u0131q konkret t\u0259klifl\u0259r m\u00f6vcuddur. Bu, t\u0259r\u0259fl\u0259rin sad\u0259c\u0259 niyy\u0259t s\u0259viyy\u0259sind\u0259 deyil, praktiki \u0259m\u0259kda\u015fl\u0131q m\u0259rh\u0259l\u0259sin\u0259 ke\u00e7diyini g\u00f6st\u0259rir. X\u00fcsusil\u0259 \u00c7exiyadan Az\u0259rbaycana geni\u015f i\u015f adamlar\u0131 hey\u0259tinin s\u0259f\u0259ri bu bax\u0131mdan diqq\u0259t\u0259layiqdir. Bu c\u00fcr biznes n\u00fcmay\u0259nd\u0259 hey\u0259tl\u0259rinin i\u015ftirak\u0131 iqtisadi m\u00fcnasib\u0259tl\u0259rin real layih\u0259l\u0259r \u00fcz\u0259rind\u0259 qurulmas\u0131na xidm\u0259t edir. Ke\u00e7iril\u0259n biznes forumu is\u0259 iki \u00f6lk\u0259nin sahibkarlar\u0131 aras\u0131nda birba\u015fa \u0259laq\u0259l\u0259rin qurulmas\u0131 \u00fc\u00e7\u00fcn m\u00fch\u00fcm platforma rolunu oynay\u0131r. Burada h\u0259m yeni t\u0259r\u0259fda\u015fl\u0131qlar\u0131n t\u0259m\u0259li qoyulur, h\u0259m d\u0259 art\u0131q m\u00f6vcud olan layih\u0259l\u0259rin inki\u015faf perspektivl\u0259ri m\u00fczakir\u0259 edilir. Bu, iqtisadi diplomatiyan\u0131n effektiv al\u0259tl\u0259rind\u0259n biri kimi \u00e7\u0131x\u0131\u015f edir.<\/p>\n\n\n\n<p>Haz\u0131rda Az\u0259rbaycan il\u0259 \u00c7ex Respublikas\u0131 aras\u0131nda ticar\u0259t d\u00f6vriyy\u0259sinin 800 milyon dollardan art\u0131q olmas\u0131 m\u00fcnasib\u0259tl\u0259rin dinamik inki\u015faf etdiyini g\u00f6st\u0259rir. Bu, son ill\u0259rd\u0259 \u0259ld\u0259 olunmu\u015f m\u00fch\u00fcm iqtisadi nailiyy\u0259t kimi qiym\u0259tl\u0259ndiril\u0259 bil\u0259r. Lakin Prezidentin d\u0259 vur\u011fulad\u0131\u011f\u0131 kimi, bu d\u00f6vriyy\u0259nin strukturunda \u0259sas pay\u0131n Az\u0259rbaycan neftinin ixrac\u0131na m\u0259xsus olmas\u0131 m\u00fc\u0259yy\u0259n balanss\u0131zl\u0131q yarad\u0131r. Y\u0259ni iqtisadi \u0259laq\u0259l\u0259r h\u0259l\u0259lik kifay\u0259t q\u0259d\u0259r \u015fax\u0259l\u0259ndirilm\u0259yib v\u0259 \u0259sas\u0259n enerji sektoruna s\u00f6yk\u0259nir. Bu is\u0259 uzunm\u00fcdd\u0259tli v\u0259 dayan\u0131ql\u0131 \u0259m\u0259kda\u015fl\u0131q bax\u0131m\u0131ndan m\u00fc\u0259yy\u0259n riskl\u0259r yarada bil\u0259r. M\u0259hz bu s\u0259b\u0259bd\u0259n t\u0259r\u0259fl\u0259r ticar\u0259t d\u00f6vriyy\u0259sinin daha tarazl\u0131 olmas\u0131n\u0131 v\u0259 strukturunun t\u0259kmill\u0259\u015fdirilm\u0259sini prioritet istiqam\u0259t kimi m\u00fc\u0259yy\u0259n edibl\u0259r. Bu, qeyri-neft sektorunun inki\u015faf\u0131, s\u0259naye, k\u0259nd t\u0259s\u0259rr\u00fcfat\u0131, texnologiya v\u0259 dig\u0259r sah\u0259l\u0259rd\u0259 \u0259m\u0259kda\u015fl\u0131\u011f\u0131n geni\u015fl\u0259ndirilm\u0259si dem\u0259kdir.<\/p>\n\n\n\n<p>G\u00f6r\u00fc\u015f zaman\u0131 h\u0259m t\u0259kb\u0259t\u0259k, h\u0259m d\u0259 geni\u015f t\u0259rkibd\u0259 apar\u0131lan dan\u0131\u015f\u0131qlarda bir s\u0131ra konkret iqtisadi v\u0259 investisiya layih\u0259l\u0259rinin m\u00fczakir\u0259 edilm\u0259si bu istiqam\u0259td\u0259 real add\u0131mlar\u0131n at\u0131ld\u0131\u011f\u0131n\u0131 g\u00f6st\u0259rir. Bu layih\u0259l\u0259r g\u0259l\u0259c\u0259kd\u0259 qar\u015f\u0131l\u0131ql\u0131 s\u0259rmay\u0259 qoyulu\u015funun artmas\u0131na v\u0259 iqtisadi \u0259laq\u0259l\u0259rin daha d\u0259rin xarakter almas\u0131na s\u0259b\u0259b ola bil\u0259r. Bu g\u00f6r\u00fc\u015f v\u0259 veril\u0259n b\u0259yanatlar onu dem\u0259y\u0259 \u0259sas verir ki, Az\u0259rbaycan il\u0259 \u00c7exiya aras\u0131nda iqtisadi m\u00fcnasib\u0259tl\u0259r t\u0259dric\u0259n strateji t\u0259r\u0259fda\u015fl\u0131q s\u0259viyy\u0259sin\u0259 y\u00fcks\u0259lir. Enerji sah\u0259sind\u0259 m\u00f6vcud \u0259m\u0259kda\u015fl\u0131q art\u0131q dig\u0259r sektorlarla tamamlanma\u011fa ba\u015flay\u0131r v\u0259 bu da \u0259laq\u0259l\u0259rin daha dayan\u0131ql\u0131 v\u0259 \u00e7ox\u015fax\u0259li olmas\u0131na \u015f\u0259rait yarad\u0131r.<\/p>\n\n\n\n<p>Prezident \u0130lham \u018fliyev v\u0259 Ba\u015f nazir Andrey Babi\u015f aras\u0131nda ke\u00e7iril\u0259n g\u00f6r\u00fc\u015f yaln\u0131z cari iqtisadi g\u00f6st\u0259ricil\u0259rin m\u00fczakir\u0259si il\u0259 m\u0259hdudla\u015fm\u0131r. Bu g\u00f6r\u00fc\u015f eyni zamanda g\u0259l\u0259c\u0259k \u0259m\u0259kda\u015fl\u0131q modelinin formala\u015fd\u0131r\u0131lmas\u0131, iqtisadi \u0259laq\u0259l\u0259rin \u015fax\u0259l\u0259ndirilm\u0259si v\u0259 qar\u015f\u0131l\u0131ql\u0131 investisiya imkanlar\u0131n\u0131n geni\u015fl\u0259ndirilm\u0259si bax\u0131m\u0131ndan m\u00fch\u00fcm strateji \u0259h\u0259miyy\u0259t da\u015f\u0131y\u0131r. Preident \u0130lham \u018fliyev v\u0259 Ba\u015f nazir Andrey Babi\u015f aras\u0131nda ke\u00e7iril\u0259n bu g\u00f6r\u00fc\u015f v\u0259 veril\u0259n b\u0259yanatlar Az\u0259rbaycan-\u00c7exiya m\u00fcnasib\u0259tl\u0259rinin y\u00fcks\u0259l\u0259n x\u0259tt \u00fczr\u0259 inki\u015faf etdiyini g\u00f6st\u0259rir. F\u0259al siyasi dialoq, qar\u015f\u0131l\u0131ql\u0131 s\u0259f\u0259rl\u0259r v\u0259 geni\u015f m\u00f6vzular \u00fczr\u0259 m\u00fczakir\u0259l\u0259r iki \u00f6lk\u0259 aras\u0131nda strateji \u0259m\u0259kda\u015fl\u0131\u011f\u0131n formala\u015fd\u0131\u011f\u0131n\u0131 dem\u0259y\u0259 \u0259sas verir. Bu g\u00f6r\u00fc\u015f t\u0259kc\u0259 cari m\u00fcnasib\u0259tl\u0259rin deyil, h\u0259m d\u0259 g\u0259l\u0259c\u0259k \u0259m\u0259kda\u015fl\u0131q perspektivl\u0259rinin m\u00fc\u0259yy\u0259nl\u0259\u015fdirilm\u0259si bax\u0131m\u0131ndan m\u00fch\u00fcm \u0259h\u0259miyy\u0259t da\u015f\u0131y\u0131r. Az\u0259rbaycan\u0131n beyn\u0259lxalq arenada artan n\u00fcfuzu v\u0259 \u00c7exiyan\u0131n Avropadak\u0131 m\u00f6vqeyi bu t\u0259r\u0259fda\u015fl\u0131\u011f\u0131 daha da \u00f6n\u0259mli edir.<\/p>\n\n\n\n<p>R\u00fcst\u0259mova Ayb\u0259niz Vilay\u0259t q\u0131z\u0131, Avrasiya universitetinin Humanitar f\u0259nl\u0259r v\u0259 region\u015f\u00fcnasl\u0131q kafedras\u0131n\u0131n m\u00fcdiri, tarix \u00fczr\u0259 f\u0259ls\u0259f\u0259 doktoru, dosent<\/p>\n","protected":false},"excerpt":{"rendered":"<p>Prezident \u0130lham \u018fliyev: \u201c\u0130qtisadi sah\u0259d\u0259 g\u00f6r\u00fcl\u0259c\u0259k i\u015fl\u0259rl\u0259 ba\u011fl\u0131 konkret t\u0259klifl\u0259r var\u201d. Qlobal \u00e7a\u011f\u0131r\u0131\u015flar\u0131n artd\u0131\u011f\u0131, regional prosesl\u0259rin s\u00fcr\u0259tl\u0259 d\u0259yi\u015fdiyi bir d\u00f6vrd\u0259 \u00f6lk\u0259l\u0259r aras\u0131nda etibarl\u0131 t\u0259r\u0259fda\u015fl\u0131q m\u00fcnasib\u0259tl\u0259rinin qurulmas\u0131 strateji z\u0259rur\u0259t\u0259 \u00e7evrilib. Bu bax\u0131mdan, Az\u0259rbaycan il\u0259 \u00c7ex Respublikas\u0131 aras\u0131nda inki\u015faf ed\u0259n \u0259laq\u0259l\u0259r diqq\u0259ti c\u0259lb edir. 2026-c\u0131 il aprelin 27-d\u0259 Prezident \u0130lham \u018fliyev il\u0259 Ba\u015f nazir Andrey Babi\u015f aras\u0131nda [&hellip;]<\/p>\n","protected":false},"author":1,"featured_media":5055,"comment_status":"open","ping_status":"open","sticky":false,"template":"","format":"standard","meta":{"footnotes":""},"categories":[17],"tags":[],"class_list":["post-5054","post","type-post","status-publish","format-standard","has-post-thumbnail","hentry","category-meqale"],"yoast_head":"<!-- This site is optimized with the Yoast SEO plugin v27.5 - https:\/\/yoast.com\/product\/yoast-seo-wordpress\/ -->\n<title>Az\u0259rbaycan \u2013 \u00c7exiya diplomatik m\u00fcnasib\u0259tl\u0259rin dinamik inki\u015faf\u0131 - YEN\u0130 TURANLA X\u018fB\u018fR VAXTI<\/title>\n<meta name=\"robots\" content=\"index, follow, max-snippet:-1, max-image-preview:large, max-video-preview:-1\" \/>\n<link rel=\"canonical\" href=\"https:\/\/yenituran.az\/?p=5054\" \/>\n<meta property=\"og:locale\" content=\"az_AZ\" \/>\n<meta property=\"og:type\" content=\"article\" \/>\n<meta property=\"og:title\" content=\"Az\u0259rbaycan \u2013 \u00c7exiya diplomatik m\u00fcnasib\u0259tl\u0259rin dinamik inki\u015faf\u0131 - YEN\u0130 TURANLA X\u018fB\u018fR VAXTI\" \/>\n<meta property=\"og:description\" content=\"Prezident \u0130lham \u018fliyev: \u201c\u0130qtisadi sah\u0259d\u0259 g\u00f6r\u00fcl\u0259c\u0259k i\u015fl\u0259rl\u0259 ba\u011fl\u0131 konkret t\u0259klifl\u0259r var\u201d. Qlobal \u00e7a\u011f\u0131r\u0131\u015flar\u0131n artd\u0131\u011f\u0131, regional prosesl\u0259rin s\u00fcr\u0259tl\u0259 d\u0259yi\u015fdiyi bir d\u00f6vrd\u0259 \u00f6lk\u0259l\u0259r aras\u0131nda etibarl\u0131 t\u0259r\u0259fda\u015fl\u0131q m\u00fcnasib\u0259tl\u0259rinin qurulmas\u0131 strateji z\u0259rur\u0259t\u0259 \u00e7evrilib. Bu bax\u0131mdan, Az\u0259rbaycan il\u0259 \u00c7ex Respublikas\u0131 aras\u0131nda inki\u015faf ed\u0259n \u0259laq\u0259l\u0259r diqq\u0259ti c\u0259lb edir. 2026-c\u0131 il aprelin 27-d\u0259 Prezident \u0130lham \u018fliyev il\u0259 Ba\u015f nazir Andrey Babi\u015f aras\u0131nda [&hellip;]\" \/>\n<meta property=\"og:url\" content=\"https:\/\/yenituran.az\/?p=5054\" \/>\n<meta property=\"og:site_name\" content=\"YEN\u0130 TURANLA X\u018fB\u018fR VAXTI\" \/>\n<meta property=\"article:published_time\" content=\"2026-04-29T06:46:33+00:00\" \/>\n<meta property=\"article:modified_time\" content=\"2026-04-29T06:46:34+00:00\" \/>\n<meta property=\"og:image\" content=\"http:\/\/yenituran.az\/wp-content\/uploads\/2026\/04\/ictimai_67348ecb58ffbd99df6109493de34632_9h3y1caxf7vlig6u8kso.jpeg\" \/>\n\t<meta property=\"og:image:width\" content=\"620\" \/>\n\t<meta property=\"og:image:height\" content=\"375\" \/>\n\t<meta property=\"og:image:type\" content=\"image\/jpeg\" \/>\n<meta name=\"author\" content=\"Yenituran.az\" \/>\n<meta name=\"twitter:card\" content=\"summary_large_image\" \/>\n<meta name=\"twitter:label1\" content=\"Written by\" \/>\n\t<meta name=\"twitter:data1\" content=\"Yenituran.az\" \/>\n\t<meta name=\"twitter:label2\" content=\"Est. reading time\" \/>\n\t<meta name=\"twitter:data2\" content=\"5 minutes\" \/>\n<script type=\"application\/ld+json\" class=\"yoast-schema-graph\">{\"@context\":\"https:\\\/\\\/schema.org\",\"@graph\":[{\"@type\":\"Article\",\"@id\":\"https:\\\/\\\/yenituran.az\\\/?p=5054#article\",\"isPartOf\":{\"@id\":\"https:\\\/\\\/yenituran.az\\\/?p=5054\"},\"author\":{\"name\":\"Yenituran.az\",\"@id\":\"https:\\\/\\\/yenituran.az\\\/#\\\/schema\\\/person\\\/85472adb2acc776fbe2eec9981422a3d\"},\"headline\":\"Az\u0259rbaycan \u2013 \u00c7exiya diplomatik m\u00fcnasib\u0259tl\u0259rin dinamik inki\u015faf\u0131\",\"datePublished\":\"2026-04-29T06:46:33+00:00\",\"dateModified\":\"2026-04-29T06:46:34+00:00\",\"mainEntityOfPage\":{\"@id\":\"https:\\\/\\\/yenituran.az\\\/?p=5054\"},\"wordCount\":1501,\"commentCount\":0,\"image\":{\"@id\":\"https:\\\/\\\/yenituran.az\\\/?p=5054#primaryimage\"},\"thumbnailUrl\":\"https:\\\/\\\/yenituran.az\\\/wp-content\\\/uploads\\\/2026\\\/04\\\/ictimai_67348ecb58ffbd99df6109493de34632_9h3y1caxf7vlig6u8kso.jpeg\",\"articleSection\":[\"M\u018fQAL\u018f\"],\"inLanguage\":\"az\",\"potentialAction\":[{\"@type\":\"CommentAction\",\"name\":\"Comment\",\"target\":[\"https:\\\/\\\/yenituran.az\\\/?p=5054#respond\"]}]},{\"@type\":\"WebPage\",\"@id\":\"https:\\\/\\\/yenituran.az\\\/?p=5054\",\"url\":\"https:\\\/\\\/yenituran.az\\\/?p=5054\",\"name\":\"Az\u0259rbaycan \u2013 \u00c7exiya diplomatik m\u00fcnasib\u0259tl\u0259rin dinamik inki\u015faf\u0131 - YEN\u0130 TURANLA X\u018fB\u018fR VAXTI\",\"isPartOf\":{\"@id\":\"https:\\\/\\\/yenituran.az\\\/#website\"},\"primaryImageOfPage\":{\"@id\":\"https:\\\/\\\/yenituran.az\\\/?p=5054#primaryimage\"},\"image\":{\"@id\":\"https:\\\/\\\/yenituran.az\\\/?p=5054#primaryimage\"},\"thumbnailUrl\":\"https:\\\/\\\/yenituran.az\\\/wp-content\\\/uploads\\\/2026\\\/04\\\/ictimai_67348ecb58ffbd99df6109493de34632_9h3y1caxf7vlig6u8kso.jpeg\",\"datePublished\":\"2026-04-29T06:46:33+00:00\",\"dateModified\":\"2026-04-29T06:46:34+00:00\",\"author\":{\"@id\":\"https:\\\/\\\/yenituran.az\\\/#\\\/schema\\\/person\\\/85472adb2acc776fbe2eec9981422a3d\"},\"breadcrumb\":{\"@id\":\"https:\\\/\\\/yenituran.az\\\/?p=5054#breadcrumb\"},\"inLanguage\":\"az\",\"potentialAction\":[{\"@type\":\"ReadAction\",\"target\":[\"https:\\\/\\\/yenituran.az\\\/?p=5054\"]}]},{\"@type\":\"ImageObject\",\"inLanguage\":\"az\",\"@id\":\"https:\\\/\\\/yenituran.az\\\/?p=5054#primaryimage\",\"url\":\"https:\\\/\\\/yenituran.az\\\/wp-content\\\/uploads\\\/2026\\\/04\\\/ictimai_67348ecb58ffbd99df6109493de34632_9h3y1caxf7vlig6u8kso.jpeg\",\"contentUrl\":\"https:\\\/\\\/yenituran.az\\\/wp-content\\\/uploads\\\/2026\\\/04\\\/ictimai_67348ecb58ffbd99df6109493de34632_9h3y1caxf7vlig6u8kso.jpeg\",\"width\":620,\"height\":375},{\"@type\":\"BreadcrumbList\",\"@id\":\"https:\\\/\\\/yenituran.az\\\/?p=5054#breadcrumb\",\"itemListElement\":[{\"@type\":\"ListItem\",\"position\":1,\"name\":\"Home\",\"item\":\"https:\\\/\\\/yenituran.az\\\/\"},{\"@type\":\"ListItem\",\"position\":2,\"name\":\"Az\u0259rbaycan \u2013 \u00c7exiya diplomatik m\u00fcnasib\u0259tl\u0259rin dinamik inki\u015faf\u0131\"}]},{\"@type\":\"WebSite\",\"@id\":\"https:\\\/\\\/yenituran.az\\\/#website\",\"url\":\"https:\\\/\\\/yenituran.az\\\/\",\"name\":\"\u27a1\ufe0f YEN\u0130 TURAN\",\"description\":\"\",\"potentialAction\":[{\"@type\":\"SearchAction\",\"target\":{\"@type\":\"EntryPoint\",\"urlTemplate\":\"https:\\\/\\\/yenituran.az\\\/?s={search_term_string}\"},\"query-input\":{\"@type\":\"PropertyValueSpecification\",\"valueRequired\":true,\"valueName\":\"search_term_string\"}}],\"inLanguage\":\"az\"},{\"@type\":\"Person\",\"@id\":\"https:\\\/\\\/yenituran.az\\\/#\\\/schema\\\/person\\\/85472adb2acc776fbe2eec9981422a3d\",\"name\":\"Yenituran.az\",\"image\":{\"@type\":\"ImageObject\",\"inLanguage\":\"az\",\"@id\":\"https:\\\/\\\/secure.gravatar.com\\\/avatar\\\/ed49ef122403fafb3d9b7a6a4d78864bef4e38936f58e590ddd58c0a034b37a9?s=96&d=mm&r=g\",\"url\":\"https:\\\/\\\/secure.gravatar.com\\\/avatar\\\/ed49ef122403fafb3d9b7a6a4d78864bef4e38936f58e590ddd58c0a034b37a9?s=96&d=mm&r=g\",\"contentUrl\":\"https:\\\/\\\/secure.gravatar.com\\\/avatar\\\/ed49ef122403fafb3d9b7a6a4d78864bef4e38936f58e590ddd58c0a034b37a9?s=96&d=mm&r=g\",\"caption\":\"Yenituran.az\"},\"sameAs\":[\"http:\\\/\\\/yenituran.az\"],\"url\":\"https:\\\/\\\/yenituran.az\\\/?author=1\"}]}<\/script>\n<!-- \/ Yoast SEO plugin. -->","yoast_head_json":{"title":"Az\u0259rbaycan \u2013 \u00c7exiya diplomatik m\u00fcnasib\u0259tl\u0259rin dinamik inki\u015faf\u0131 - YEN\u0130 TURANLA X\u018fB\u018fR VAXTI","robots":{"index":"index","follow":"follow","max-snippet":"max-snippet:-1","max-image-preview":"max-image-preview:large","max-video-preview":"max-video-preview:-1"},"canonical":"https:\/\/yenituran.az\/?p=5054","og_locale":"az_AZ","og_type":"article","og_title":"Az\u0259rbaycan \u2013 \u00c7exiya diplomatik m\u00fcnasib\u0259tl\u0259rin dinamik inki\u015faf\u0131 - YEN\u0130 TURANLA X\u018fB\u018fR VAXTI","og_description":"Prezident \u0130lham \u018fliyev: \u201c\u0130qtisadi sah\u0259d\u0259 g\u00f6r\u00fcl\u0259c\u0259k i\u015fl\u0259rl\u0259 ba\u011fl\u0131 konkret t\u0259klifl\u0259r var\u201d. Qlobal \u00e7a\u011f\u0131r\u0131\u015flar\u0131n artd\u0131\u011f\u0131, regional prosesl\u0259rin s\u00fcr\u0259tl\u0259 d\u0259yi\u015fdiyi bir d\u00f6vrd\u0259 \u00f6lk\u0259l\u0259r aras\u0131nda etibarl\u0131 t\u0259r\u0259fda\u015fl\u0131q m\u00fcnasib\u0259tl\u0259rinin qurulmas\u0131 strateji z\u0259rur\u0259t\u0259 \u00e7evrilib. Bu bax\u0131mdan, Az\u0259rbaycan il\u0259 \u00c7ex Respublikas\u0131 aras\u0131nda inki\u015faf ed\u0259n \u0259laq\u0259l\u0259r diqq\u0259ti c\u0259lb edir. 2026-c\u0131 il aprelin 27-d\u0259 Prezident \u0130lham \u018fliyev il\u0259 Ba\u015f nazir Andrey Babi\u015f aras\u0131nda [&hellip;]","og_url":"https:\/\/yenituran.az\/?p=5054","og_site_name":"YEN\u0130 TURANLA X\u018fB\u018fR VAXTI","article_published_time":"2026-04-29T06:46:33+00:00","article_modified_time":"2026-04-29T06:46:34+00:00","og_image":[{"width":620,"height":375,"url":"http:\/\/yenituran.az\/wp-content\/uploads\/2026\/04\/ictimai_67348ecb58ffbd99df6109493de34632_9h3y1caxf7vlig6u8kso.jpeg","type":"image\/jpeg"}],"author":"Yenituran.az","twitter_card":"summary_large_image","twitter_misc":{"Written by":"Yenituran.az","Est. reading time":"5 minutes"},"schema":{"@context":"https:\/\/schema.org","@graph":[{"@type":"Article","@id":"https:\/\/yenituran.az\/?p=5054#article","isPartOf":{"@id":"https:\/\/yenituran.az\/?p=5054"},"author":{"name":"Yenituran.az","@id":"https:\/\/yenituran.az\/#\/schema\/person\/85472adb2acc776fbe2eec9981422a3d"},"headline":"Az\u0259rbaycan \u2013 \u00c7exiya diplomatik m\u00fcnasib\u0259tl\u0259rin dinamik inki\u015faf\u0131","datePublished":"2026-04-29T06:46:33+00:00","dateModified":"2026-04-29T06:46:34+00:00","mainEntityOfPage":{"@id":"https:\/\/yenituran.az\/?p=5054"},"wordCount":1501,"commentCount":0,"image":{"@id":"https:\/\/yenituran.az\/?p=5054#primaryimage"},"thumbnailUrl":"https:\/\/yenituran.az\/wp-content\/uploads\/2026\/04\/ictimai_67348ecb58ffbd99df6109493de34632_9h3y1caxf7vlig6u8kso.jpeg","articleSection":["M\u018fQAL\u018f"],"inLanguage":"az","potentialAction":[{"@type":"CommentAction","name":"Comment","target":["https:\/\/yenituran.az\/?p=5054#respond"]}]},{"@type":"WebPage","@id":"https:\/\/yenituran.az\/?p=5054","url":"https:\/\/yenituran.az\/?p=5054","name":"Az\u0259rbaycan \u2013 \u00c7exiya diplomatik m\u00fcnasib\u0259tl\u0259rin dinamik inki\u015faf\u0131 - YEN\u0130 TURANLA X\u018fB\u018fR VAXTI","isPartOf":{"@id":"https:\/\/yenituran.az\/#website"},"primaryImageOfPage":{"@id":"https:\/\/yenituran.az\/?p=5054#primaryimage"},"image":{"@id":"https:\/\/yenituran.az\/?p=5054#primaryimage"},"thumbnailUrl":"https:\/\/yenituran.az\/wp-content\/uploads\/2026\/04\/ictimai_67348ecb58ffbd99df6109493de34632_9h3y1caxf7vlig6u8kso.jpeg","datePublished":"2026-04-29T06:46:33+00:00","dateModified":"2026-04-29T06:46:34+00:00","author":{"@id":"https:\/\/yenituran.az\/#\/schema\/person\/85472adb2acc776fbe2eec9981422a3d"},"breadcrumb":{"@id":"https:\/\/yenituran.az\/?p=5054#breadcrumb"},"inLanguage":"az","potentialAction":[{"@type":"ReadAction","target":["https:\/\/yenituran.az\/?p=5054"]}]},{"@type":"ImageObject","inLanguage":"az","@id":"https:\/\/yenituran.az\/?p=5054#primaryimage","url":"https:\/\/yenituran.az\/wp-content\/uploads\/2026\/04\/ictimai_67348ecb58ffbd99df6109493de34632_9h3y1caxf7vlig6u8kso.jpeg","contentUrl":"https:\/\/yenituran.az\/wp-content\/uploads\/2026\/04\/ictimai_67348ecb58ffbd99df6109493de34632_9h3y1caxf7vlig6u8kso.jpeg","width":620,"height":375},{"@type":"BreadcrumbList","@id":"https:\/\/yenituran.az\/?p=5054#breadcrumb","itemListElement":[{"@type":"ListItem","position":1,"name":"Home","item":"https:\/\/yenituran.az\/"},{"@type":"ListItem","position":2,"name":"Az\u0259rbaycan \u2013 \u00c7exiya diplomatik m\u00fcnasib\u0259tl\u0259rin dinamik inki\u015faf\u0131"}]},{"@type":"WebSite","@id":"https:\/\/yenituran.az\/#website","url":"https:\/\/yenituran.az\/","name":"\u27a1\ufe0f YEN\u0130 TURAN","description":"","potentialAction":[{"@type":"SearchAction","target":{"@type":"EntryPoint","urlTemplate":"https:\/\/yenituran.az\/?s={search_term_string}"},"query-input":{"@type":"PropertyValueSpecification","valueRequired":true,"valueName":"search_term_string"}}],"inLanguage":"az"},{"@type":"Person","@id":"https:\/\/yenituran.az\/#\/schema\/person\/85472adb2acc776fbe2eec9981422a3d","name":"Yenituran.az","image":{"@type":"ImageObject","inLanguage":"az","@id":"https:\/\/secure.gravatar.com\/avatar\/ed49ef122403fafb3d9b7a6a4d78864bef4e38936f58e590ddd58c0a034b37a9?s=96&d=mm&r=g","url":"https:\/\/secure.gravatar.com\/avatar\/ed49ef122403fafb3d9b7a6a4d78864bef4e38936f58e590ddd58c0a034b37a9?s=96&d=mm&r=g","contentUrl":"https:\/\/secure.gravatar.com\/avatar\/ed49ef122403fafb3d9b7a6a4d78864bef4e38936f58e590ddd58c0a034b37a9?s=96&d=mm&r=g","caption":"Yenituran.az"},"sameAs":["http:\/\/yenituran.az"],"url":"https:\/\/yenituran.az\/?author=1"}]}},"_links":{"self":[{"href":"https:\/\/yenituran.az\/index.php?rest_route=\/wp\/v2\/posts\/5054","targetHints":{"allow":["GET"]}}],"collection":[{"href":"https:\/\/yenituran.az\/index.php?rest_route=\/wp\/v2\/posts"}],"about":[{"href":"https:\/\/yenituran.az\/index.php?rest_route=\/wp\/v2\/types\/post"}],"author":[{"embeddable":true,"href":"https:\/\/yenituran.az\/index.php?rest_route=\/wp\/v2\/users\/1"}],"replies":[{"embeddable":true,"href":"https:\/\/yenituran.az\/index.php?rest_route=%2Fwp%2Fv2%2Fcomments&post=5054"}],"version-history":[{"count":1,"href":"https:\/\/yenituran.az\/index.php?rest_route=\/wp\/v2\/posts\/5054\/revisions"}],"predecessor-version":[{"id":5056,"href":"https:\/\/yenituran.az\/index.php?rest_route=\/wp\/v2\/posts\/5054\/revisions\/5056"}],"wp:featuredmedia":[{"embeddable":true,"href":"https:\/\/yenituran.az\/index.php?rest_route=\/wp\/v2\/media\/5055"}],"wp:attachment":[{"href":"https:\/\/yenituran.az\/index.php?rest_route=%2Fwp%2Fv2%2Fmedia&parent=5054"}],"wp:term":[{"taxonomy":"category","embeddable":true,"href":"https:\/\/yenituran.az\/index.php?rest_route=%2Fwp%2Fv2%2Fcategories&post=5054"},{"taxonomy":"post_tag","embeddable":true,"href":"https:\/\/yenituran.az\/index.php?rest_route=%2Fwp%2Fv2%2Ftags&post=5054"}],"curies":[{"name":"wp","href":"https:\/\/api.w.org\/{rel}","templated":true}]}}