{"id":5048,"date":"2026-04-28T10:38:16","date_gmt":"2026-04-28T06:38:16","guid":{"rendered":"https:\/\/yenituran.az\/?p=5048"},"modified":"2026-04-28T10:38:17","modified_gmt":"2026-04-28T06:38:17","slug":"ukrayna-az%c9%99rbaycan-%c9%99laq%c9%99l%c9%99rinin-yuks%c9%99l%c9%99n-x%c9%99tti","status":"publish","type":"post","link":"https:\/\/yenituran.az\/?p=5048","title":{"rendered":"Ukrayna\u2013Az\u0259rbaycan \u0259laq\u0259l\u0259rinin y\u00fcks\u0259l\u0259n x\u0259tti"},"content":{"rendered":"\n<p><strong>Prezident \u0130lham \u018fliyev: <em>\u201cSizinl\u0259 apard\u0131\u011f\u0131m\u0131z fikir m\u00fcbadil\u0259si v\u0259 ondan sonrak\u0131 t\u0259maslar Ukrayna-Az\u0259rbaycan \u0259laq\u0259l\u0259rini daha y\u00fcks\u0259k s\u0259viyy\u0259y\u0259 qald\u0131rm\u0131\u015fd\u0131r\u201d.<\/em><\/strong><\/p>\n\n\n\n<p>&nbsp;M\u00fcasir beyn\u0259lxalq m\u00fcnasib\u0259tl\u0259r sistemind\u0259 d\u00f6vl\u0259tl\u0259raras\u0131 \u0259laq\u0259l\u0259rin inki\u015faf\u0131nda liderl\u0259raras\u0131 dialoq x\u00fcsusi \u0259h\u0259miyy\u0259t k\u0259sb edir. Bu bax\u0131mdan \u0130lham \u018fliyev il\u0259 Volodimir Zelenski aras\u0131nda formala\u015fm\u0131\u015f m\u00fcnasib\u0259tl\u0259r son ill\u0259rd\u0259 Az\u0259rbaycan\u2013Ukrayna \u0259m\u0259kda\u015fl\u0131\u011f\u0131n\u0131n \u0259sas istiqam\u0259tl\u0259rini m\u00fc\u0259yy\u0259n ed\u0259n m\u00fch\u00fcm amill\u0259rd\u0259n birin\u0259 \u00e7evrilib. Aprelin 25-d\u0259 Ukrayna prezidentinin Az\u0259rbaycana s\u0259f\u0259ri zaman\u0131 s\u0259sl\u0259ndiril\u0259n fikirl\u0259r is\u0259 bu \u0259laq\u0259l\u0259rin t\u0259sad\u00fcfi deyil, ard\u0131c\u0131l v\u0259 strateji xarakter da\u015f\u0131d\u0131\u011f\u0131n\u0131 bir daha t\u0259sdiql\u0259yir. Bu s\u0259f\u0259r \u00e7\u0259r\u00e7iv\u0259sind\u0259 veril\u0259n b\u0259yanatlar iki \u00f6lk\u0259 aras\u0131nda siyasi dialoqun d\u0259rinliyini, qar\u015f\u0131l\u0131ql\u0131 etimad\u0131 v\u0259 g\u0259l\u0259c\u0259k \u0259m\u0259kda\u015fl\u0131q perspektivl\u0259rini ayd\u0131n \u015f\u0259kild\u0259 ortaya qoyur. Prezident \u0130lham \u018fliyev v\u0259 Volodimir Zelenski aras\u0131nda m\u00fcnasib\u0259tl\u0259r son ill\u0259rd\u0259 h\u0259m siyasi, h\u0259m d\u0259 diplomatik bax\u0131mdan diqq\u0259t\u00e7\u0259kici dinamika il\u0259 inki\u015faf edib. Aprelin 25-d\u0259 Prezident \u0130lham \u018fliyevin vur\u011fulad\u0131\u011f\u0131 kimi, son d\u00f6rd il \u0259rzind\u0259 liderl\u0259rin yeddi d\u0259f\u0259 g\u00f6r\u00fc\u015fm\u0259si s\u0131radan bir diplomatik statistika deyil: \u201cSon g\u00f6r\u00fc\u015fl\u0259r beyn\u0259lxalq t\u0259\u015fkilatlar\u0131n toplant\u0131lar\u0131 \u00e7\u0259r\u00e7iv\u0259sind\u0259 ba\u015f vermi\u015fdir. Ancaq m\u0259n xat\u0131rlay\u0131ram ki, Siz Prezident kimi Az\u0259rbaycana ilk d\u0259f\u0259 2019-cu ild\u0259 g\u0259lmisiniz. Bizim \u015f\u0259xsi m\u00fcnasib\u0259tl\u0259rimiz d\u0259 o vaxtdan ba\u015flay\u0131r v\u0259 bu g\u00fcn d\u0259 u\u011furla davam edir. M\u0259n 2022-ci ilin yanvar\u0131nda Kiyev\u0259 s\u0259f\u0259rimi d\u0259 xat\u0131rlay\u0131ram. Sizinl\u0259 apard\u0131\u011f\u0131m\u0131z fikir m\u00fcbadil\u0259si v\u0259 ondan sonrak\u0131 t\u0259maslar Ukrayna-Az\u0259rbaycan \u0259laq\u0259l\u0259rini daha y\u00fcks\u0259k s\u0259viyy\u0259y\u0259 qald\u0131rm\u0131\u015fd\u0131r\u201d. Bu fikirl\u0259r iki \u00f6lk\u0259 aras\u0131nda m\u00fcnasib\u0259tl\u0259rin intensivliyinin g\u00f6st\u0259ricisidir. G\u00f6r\u00fc\u015fl\u0259rin bir hiss\u0259si beyn\u0259lxalq t\u0259\u015fkilatlar \u00e7\u0259r\u00e7iv\u0259sind\u0259 ba\u015f tutsa da, bu platformalar bel\u0259 t\u0259r\u0259fl\u0259rin bir-biri il\u0259 daim \u0259laq\u0259d\u0259 qalmaq niyy\u0259tini g\u00f6st\u0259rir. M\u00fcasir beyn\u0259lxalq m\u00fcnasib\u0259tl\u0259r sistemind\u0259 liderl\u0259raras\u0131 birba\u015fa dialoq x\u00fcsusil\u0259 vacib hesab olunur v\u0259 Bak\u0131-Kiyev x\u0259ttind\u0259 bu faktor ayd\u0131n g\u00f6r\u00fcn\u00fcr.<\/p>\n\n\n\n<p>&nbsp;Zelenskinin 2019-cu ild\u0259 Az\u0259rbaycana ilk s\u0259f\u0259ri t\u0259kc\u0259 protokol xarakterli hadis\u0259 deyildi. H\u0259min s\u0259f\u0259rd\u0259n etibar\u0259n iki lider aras\u0131nda \u015f\u0259xsi m\u00fcnasib\u0259tl\u0259rin formala\u015fd\u0131\u011f\u0131 qeyd olunur. Diplomatiyada \u015f\u0259xsi \u0259laq\u0259l\u0259rin rolu b\u0259z\u0259n r\u0259smi s\u0259n\u0259dl\u0259rd\u0259n daha t\u0259sirli olur. \u0130lham \u018fliyevin \u201c\u015f\u0259xsi m\u00fcnasib\u0259tl\u0259rimiz u\u011furla davam edir\u201d fikri, t\u0259r\u0259fl\u0259r aras\u0131nda etimad m\u00fchitinin formala\u015fd\u0131\u011f\u0131n\u0131 g\u00f6st\u0259rir.<\/p>\n\n\n\n<p>&nbsp;2022-ci ilin yanvar\u0131nda \u0130lham \u018fliyevin Kiyev\u0259 s\u0259f\u0259ri m\u00fcnasib\u0259tl\u0259rin inki\u015faf\u0131nda m\u00fch\u00fcm m\u0259rh\u0259l\u0259 kimi qiym\u0259tl\u0259ndiril\u0259 bil\u0259r. Bu s\u0259f\u0259r zaman\u0131 apar\u0131lan m\u00fczakir\u0259l\u0259r v\u0259 sonrak\u0131 t\u0259maslar iki \u00f6lk\u0259 aras\u0131nda \u0259m\u0259kda\u015fl\u0131\u011f\u0131n yeni m\u0259rh\u0259l\u0259y\u0259 ke\u00e7idin\u0259 s\u0259b\u0259b olub. X\u00fcsusil\u0259 regional t\u0259hl\u00fck\u0259sizlik, enerji \u0259m\u0259kda\u015fl\u0131\u011f\u0131 v\u0259 iqtisadi \u0259laq\u0259l\u0259r sah\u0259sind\u0259 daha s\u0131x koordinasiya m\u00fc\u015fahid\u0259 edilir.<\/p>\n\n\n\n<p>&nbsp;\u0130ki \u00f6lk\u0259 aras\u0131nda m\u00fcnasib\u0259tl\u0259r t\u0259kc\u0259 siyasi dialoqla m\u0259hdudla\u015fm\u0131r. Enerji, n\u0259qliyyat, humanitar sah\u0259l\u0259rd\u0259 d\u0259 \u0259m\u0259kda\u015fl\u0131q geni\u015fl\u0259nir. Az\u0259rbaycan Avropan\u0131n enerji t\u0259hl\u00fck\u0259sizliyind\u0259 m\u00fch\u00fcm rol oynad\u0131\u011f\u0131 kimi, Ukrayna da regionda geosiyasi bax\u0131mdan strateji \u0259h\u0259miyy\u0259t\u0259 malikdir. Bu s\u0259b\u0259bd\u0259n t\u0259r\u0259fl\u0259r aras\u0131nda \u0259m\u0259kda\u015fl\u0131q h\u0259m ikit\u0259r\u0259fli, h\u0259m d\u0259 daha geni\u015f regional kontekstd\u0259 \u0259h\u0259miyy\u0259t da\u015f\u0131y\u0131r. H\u0259m Az\u0259rbaycan, h\u0259m d\u0259 Ukrayna \u0259razi b\u00fct\u00f6vl\u00fcy\u00fc m\u0259s\u0259l\u0259sind\u0259 h\u0259ssas m\u00f6vqed\u0259 olan \u00f6lk\u0259l\u0259rdir. Bu ortaq yana\u015fma beyn\u0259lxalq platformalarda qar\u015f\u0131l\u0131ql\u0131 d\u0259st\u0259yin \u0259sas\u0131n\u0131 t\u0259\u015fkil edir. Liderl\u0259rin m\u00fcnt\u0259z\u0259m t\u0259maslar\u0131 bu m\u00f6vqel\u0259rin uzla\u015fd\u0131r\u0131lmas\u0131na v\u0259 daha koordinasiyal\u0131 siyas\u0259tin apar\u0131lmas\u0131na imkan yarad\u0131r.<\/p>\n\n\n\n<p>Prezident \u0130lham \u018fliyevin vur\u011fulad\u0131\u011f\u0131 kimi, Az\u0259rbaycan v\u0259 Ukrayna aras\u0131nda \u0259m\u0259kda\u015fl\u0131\u011f\u0131n \u0259sas\u0131n\u0131 g\u00fccl\u00fc siyasi t\u0259m\u0259l t\u0259\u015fkil edir. 2008-ci ild\u0259 Kiyevd\u0259 v\u0259 2011-ci ild\u0259 Bak\u0131da imzalanm\u0131\u015f strateji t\u0259r\u0259fda\u015fl\u0131q s\u0259n\u0259dl\u0259ri iki \u00f6lk\u0259 m\u00fcnasib\u0259tl\u0259rinin h\u00fcquqi \u00e7\u0259r\u00e7iv\u0259sini m\u00fc\u0259yy\u0259nl\u0259\u015fdir\u0259n fundamental raz\u0131la\u015fmalar kimi \u00e7\u0131x\u0131\u015f edir. Bu s\u0259n\u0259dl\u0259r qar\u015f\u0131l\u0131ql\u0131 h\u00f6rm\u0259t, suverenlik v\u0259 \u0259razi b\u00fct\u00f6vl\u00fcy\u00fcn\u00fcn tan\u0131nmas\u0131 kimi beyn\u0259lxalq h\u00fcququn \u0259sas prinsipl\u0259rini \u00f6z\u00fcnd\u0259 ehtiva edir. Bu m\u0259qam x\u00fcsusil\u0259 diqq\u0259t\u0259layiqdir, \u00e7\u00fcnki h\u0259m Az\u0259rbaycan, h\u0259m d\u0259 Ukrayna \u00fc\u00e7\u00fcn \u0259razi b\u00fct\u00f6vl\u00fcy\u00fc m\u0259s\u0259l\u0259si yaln\u0131z siyasi prinsip deyil, milli t\u0259hl\u00fck\u0259sizlik v\u0259 d\u00f6vl\u0259t\u00e7ilik bax\u0131m\u0131ndan h\u0259yati \u0259h\u0259miyy\u0259t da\u015f\u0131yan m\u0259s\u0259l\u0259dir. T\u0259r\u0259fl\u0259rin bu istiqam\u0259td\u0259 bir-birin\u0259 verdiyi d\u0259st\u0259k m\u00fcnasib\u0259tl\u0259rin strateji s\u0259viyy\u0259d\u0259 oldu\u011funu g\u00f6st\u0259rir.<\/p>\n\n\n\n<p>\u0130ki \u00f6lk\u0259 yaln\u0131z ikit\u0259r\u0259fli m\u00fcnasib\u0259tl\u0259rd\u0259 deyil, beyn\u0259lxalq t\u0259\u015fkilatlar \u00e7\u0259r\u00e7iv\u0259sind\u0259 d\u0259 bir-birin\u0259 ard\u0131c\u0131l d\u0259st\u0259k verir. Bu, onlar\u0131n xarici siyas\u0259t prioritetl\u0259rinin \u00fcst-\u00fcst\u0259 d\u00fc\u015fd\u00fcy\u00fcn\u00fc g\u00f6st\u0259rir. BMT v\u0259 dig\u0259r beyn\u0259lxalq qurumlarda suverenlik v\u0259 \u0259razi b\u00fct\u00f6vl\u00fcy\u00fc prinsipinin m\u00fcdafi\u0259si Az\u0259rbaycan v\u0259 Ukraynan\u0131n ortaq m\u00f6vqeyidir. Bel\u0259 koordinasiyal\u0131 f\u0259aliyy\u0259t, x\u00fcsusil\u0259 qlobal geosiyasi g\u0259rginliyin artd\u0131\u011f\u0131 d\u00f6vrd\u0259, d\u00f6vl\u0259tl\u0259rin beyn\u0259lxalq arenada m\u00f6vqel\u0259rini g\u00fccl\u0259ndir\u0259n m\u00fch\u00fcm amill\u0259rd\u0259n biridir. Prezident \u0130lham \u018fliyevin qeyd etdiyi dig\u0259r m\u00fch\u00fcm m\u0259qam is\u0259 \u0259m\u0259kda\u015fl\u0131\u011f\u0131n institusional s\u0259viyy\u0259d\u0259 inki\u015faf\u0131d\u0131r. Ke\u00e7\u0259n il Bak\u0131da Xarici \u0130\u015fl\u0259r nazirlikl\u0259ri aras\u0131nda m\u0259sl\u0259h\u0259tl\u0259\u015fm\u0259l\u0259rin ke\u00e7irilm\u0259si v\u0259 H\u00f6kum\u0259tl\u0259raras\u0131 Komissiyan\u0131n iclas\u0131 iki \u00f6lk\u0259 aras\u0131nda dialoqun sistemli xarakter ald\u0131\u011f\u0131n\u0131 g\u00f6st\u0259rir. Bu mexanizml\u0259r vasit\u0259sil\u0259 t\u0259r\u0259fl\u0259r yaln\u0131z siyasi m\u0259s\u0259l\u0259l\u0259ri deyil, h\u0259m d\u0259 iqtisadi, enerji, n\u0259qliyyat v\u0259 humanitar sah\u0259l\u0259rd\u0259 \u0259m\u0259kda\u015fl\u0131q imkanlar\u0131n\u0131 m\u00fczakir\u0259 edir v\u0259 konkret layih\u0259l\u0259r \u00fcz\u0259rind\u0259 i\u015fl\u0259yirl\u0259r. G\u00f6r\u00fc\u015f zaman\u0131 bu t\u0259dbirl\u0259rin Ukraynada ke\u00e7irilm\u0259si il\u0259 ba\u011fl\u0131 fikir m\u00fcbadil\u0259sinin apar\u0131lmas\u0131 is\u0259 \u0259m\u0259kda\u015fl\u0131\u011f\u0131n davaml\u0131 v\u0259 planl\u0131 \u015f\u0259kild\u0259 inki\u015faf etdiyini g\u00f6st\u0259rir.<\/p>\n\n\n\n<p>Bug\u00fcnk\u00fc reall\u0131q onu g\u00f6st\u0259rir ki, Az\u0259rbaycan v\u0259 Ukrayna bir \u00e7ox istiqam\u0259tl\u0259r \u00fczr\u0259 u\u011furla \u0259m\u0259kda\u015fl\u0131q edir. Enerji t\u0259hl\u00fck\u0259sizliyi, n\u0259qliyyat d\u0259hlizl\u0259ri, k\u0259nd t\u0259s\u0259rr\u00fcfat\u0131, ticar\u0259t v\u0259 humanitar \u0259laq\u0259l\u0259r bu \u0259m\u0259kda\u015fl\u0131\u011f\u0131n \u0259sas istiqam\u0259tl\u0259rini t\u0259\u015fkil edir. Az\u0259rbaycan\u0131n Avropa \u00fc\u00e7\u00fcn alternativ enerji m\u0259nb\u0259yi kimi rolu, Ukraynan\u0131n is\u0259 m\u00fch\u00fcm tranzit v\u0259 s\u0259naye potensial\u0131 bu \u0259m\u0259kda\u015fl\u0131\u011f\u0131 qar\u015f\u0131l\u0131ql\u0131 faydal\u0131 edir. Bu bax\u0131mdan t\u0259r\u0259fl\u0259r aras\u0131nda \u0259m\u0259kda\u015fl\u0131q yaln\u0131z siyasi b\u0259yanatlarla deyil, real layih\u0259l\u0259r v\u0259 konkret n\u0259tic\u0259l\u0259rl\u0259 m\u00fc\u015fayi\u0259t olunur.<\/p>\n\n\n\n<p>Aprelin 25-d\u0259 ke\u00e7iril\u0259n g\u00f6r\u00fc\u015f zaman\u0131 s\u0259sl\u0259ndiril\u0259n fikirl\u0259r g\u00f6st\u0259rir ki, Az\u0259rbaycan\u2013Ukrayna m\u00fcnasib\u0259tl\u0259ri y\u00fcks\u0259l\u0259n x\u0259tt \u00fczr\u0259 inki\u015faf edir v\u0259 g\u0259l\u0259c\u0259kd\u0259 daha da d\u0259rinl\u0259\u015f\u0259c\u0259k. M\u00fcnt\u0259z\u0259m dialoq, qar\u015f\u0131l\u0131ql\u0131 etimad v\u0259 ortaq maraqlar bu m\u00fcnasib\u0259tl\u0259rin \u0259sas dayaqlar\u0131d\u0131r. Prezident \u0130lham \u018fliyevin s\u0259sl\u0259ndirdiyi fikirl\u0259r t\u0259kc\u0259 m\u00f6vcud v\u0259ziyy\u0259tin t\u0259sviri deyil, h\u0259m d\u0259 g\u0259l\u0259c\u0259y\u0259 y\u00f6n\u0259lmi\u015f strateji bax\u0131\u015f\u0131n ifad\u0259sidir. Az\u0259rbaycan v\u0259 Ukrayna aras\u0131nda formala\u015fm\u0131\u015f bu m\u00f6hk\u0259m t\u0259r\u0259fda\u015fl\u0131q modeli regionda sabitlik, \u0259m\u0259kda\u015fl\u0131q v\u0259 qar\u015f\u0131l\u0131ql\u0131 d\u0259st\u0259yin u\u011furlu n\u00fcmun\u0259si kimi \u00e7\u0131x\u0131\u015f edir.<\/p>\n\n\n\n<p>Qas\u0131mov S\u0259yavu\u015f Kamran o\u011flu, Avrasiya Universitetinin rektoru, siyasi elml\u0259r \u00fczr\u0259 f\u0259ls\u0259f\u0259 doktoru, dosent<\/p>\n","protected":false},"excerpt":{"rendered":"<p>Prezident \u0130lham \u018fliyev: \u201cSizinl\u0259 apard\u0131\u011f\u0131m\u0131z fikir m\u00fcbadil\u0259si v\u0259 ondan sonrak\u0131 t\u0259maslar Ukrayna-Az\u0259rbaycan \u0259laq\u0259l\u0259rini daha y\u00fcks\u0259k s\u0259viyy\u0259y\u0259 qald\u0131rm\u0131\u015fd\u0131r\u201d. &nbsp;M\u00fcasir beyn\u0259lxalq m\u00fcnasib\u0259tl\u0259r sistemind\u0259 d\u00f6vl\u0259tl\u0259raras\u0131 \u0259laq\u0259l\u0259rin inki\u015faf\u0131nda liderl\u0259raras\u0131 dialoq x\u00fcsusi \u0259h\u0259miyy\u0259t k\u0259sb edir. Bu bax\u0131mdan \u0130lham \u018fliyev il\u0259 Volodimir Zelenski aras\u0131nda formala\u015fm\u0131\u015f m\u00fcnasib\u0259tl\u0259r son ill\u0259rd\u0259 Az\u0259rbaycan\u2013Ukrayna \u0259m\u0259kda\u015fl\u0131\u011f\u0131n\u0131n \u0259sas istiqam\u0259tl\u0259rini m\u00fc\u0259yy\u0259n ed\u0259n m\u00fch\u00fcm amill\u0259rd\u0259n birin\u0259 \u00e7evrilib. Aprelin 25-d\u0259 Ukrayna [&hellip;]<\/p>\n","protected":false},"author":1,"featured_media":5049,"comment_status":"open","ping_status":"open","sticky":false,"template":"","format":"standard","meta":{"footnotes":""},"categories":[4],"tags":[],"class_list":["post-5048","post","type-post","status-publish","format-standard","has-post-thumbnail","hentry","category-gundem"],"yoast_head":"<!-- This site is optimized with the Yoast SEO plugin v27.4 - https:\/\/yoast.com\/product\/yoast-seo-wordpress\/ -->\n<title>Ukrayna\u2013Az\u0259rbaycan \u0259laq\u0259l\u0259rinin y\u00fcks\u0259l\u0259n x\u0259tti - YEN\u0130 TURANLA X\u018fB\u018fR VAXTI<\/title>\n<meta name=\"robots\" content=\"index, follow, max-snippet:-1, max-image-preview:large, max-video-preview:-1\" \/>\n<link rel=\"canonical\" href=\"https:\/\/yenituran.az\/?p=5048\" \/>\n<meta property=\"og:locale\" content=\"az_AZ\" \/>\n<meta property=\"og:type\" content=\"article\" \/>\n<meta property=\"og:title\" content=\"Ukrayna\u2013Az\u0259rbaycan \u0259laq\u0259l\u0259rinin y\u00fcks\u0259l\u0259n x\u0259tti - YEN\u0130 TURANLA X\u018fB\u018fR VAXTI\" \/>\n<meta property=\"og:description\" content=\"Prezident \u0130lham \u018fliyev: \u201cSizinl\u0259 apard\u0131\u011f\u0131m\u0131z fikir m\u00fcbadil\u0259si v\u0259 ondan sonrak\u0131 t\u0259maslar Ukrayna-Az\u0259rbaycan \u0259laq\u0259l\u0259rini daha y\u00fcks\u0259k s\u0259viyy\u0259y\u0259 qald\u0131rm\u0131\u015fd\u0131r\u201d. &nbsp;M\u00fcasir beyn\u0259lxalq m\u00fcnasib\u0259tl\u0259r sistemind\u0259 d\u00f6vl\u0259tl\u0259raras\u0131 \u0259laq\u0259l\u0259rin inki\u015faf\u0131nda liderl\u0259raras\u0131 dialoq x\u00fcsusi \u0259h\u0259miyy\u0259t k\u0259sb edir. Bu bax\u0131mdan \u0130lham \u018fliyev il\u0259 Volodimir Zelenski aras\u0131nda formala\u015fm\u0131\u015f m\u00fcnasib\u0259tl\u0259r son ill\u0259rd\u0259 Az\u0259rbaycan\u2013Ukrayna \u0259m\u0259kda\u015fl\u0131\u011f\u0131n\u0131n \u0259sas istiqam\u0259tl\u0259rini m\u00fc\u0259yy\u0259n ed\u0259n m\u00fch\u00fcm amill\u0259rd\u0259n birin\u0259 \u00e7evrilib. Aprelin 25-d\u0259 Ukrayna [&hellip;]\" \/>\n<meta property=\"og:url\" content=\"https:\/\/yenituran.az\/?p=5048\" \/>\n<meta property=\"og:site_name\" content=\"YEN\u0130 TURANLA X\u018fB\u018fR VAXTI\" \/>\n<meta property=\"article:published_time\" content=\"2026-04-28T06:38:16+00:00\" \/>\n<meta property=\"article:modified_time\" content=\"2026-04-28T06:38:17+00:00\" \/>\n<meta property=\"og:image\" content=\"http:\/\/yenituran.az\/wp-content\/uploads\/2026\/04\/siyavus.jpeg\" \/>\n\t<meta property=\"og:image:width\" content=\"620\" \/>\n\t<meta property=\"og:image:height\" content=\"375\" \/>\n\t<meta property=\"og:image:type\" content=\"image\/jpeg\" \/>\n<meta name=\"author\" content=\"Yenituran.az\" \/>\n<meta name=\"twitter:card\" content=\"summary_large_image\" \/>\n<meta name=\"twitter:label1\" content=\"Written by\" \/>\n\t<meta name=\"twitter:data1\" content=\"Yenituran.az\" \/>\n\t<meta name=\"twitter:label2\" content=\"Est. reading time\" \/>\n\t<meta name=\"twitter:data2\" content=\"5 minutes\" \/>\n<script type=\"application\/ld+json\" class=\"yoast-schema-graph\">{\"@context\":\"https:\\\/\\\/schema.org\",\"@graph\":[{\"@type\":\"Article\",\"@id\":\"https:\\\/\\\/yenituran.az\\\/?p=5048#article\",\"isPartOf\":{\"@id\":\"https:\\\/\\\/yenituran.az\\\/?p=5048\"},\"author\":{\"name\":\"Yenituran.az\",\"@id\":\"https:\\\/\\\/yenituran.az\\\/#\\\/schema\\\/person\\\/85472adb2acc776fbe2eec9981422a3d\"},\"headline\":\"Ukrayna\u2013Az\u0259rbaycan \u0259laq\u0259l\u0259rinin y\u00fcks\u0259l\u0259n x\u0259tti\",\"datePublished\":\"2026-04-28T06:38:16+00:00\",\"dateModified\":\"2026-04-28T06:38:17+00:00\",\"mainEntityOfPage\":{\"@id\":\"https:\\\/\\\/yenituran.az\\\/?p=5048\"},\"wordCount\":1501,\"commentCount\":0,\"image\":{\"@id\":\"https:\\\/\\\/yenituran.az\\\/?p=5048#primaryimage\"},\"thumbnailUrl\":\"https:\\\/\\\/yenituran.az\\\/wp-content\\\/uploads\\\/2026\\\/04\\\/siyavus.jpeg\",\"articleSection\":[\"G\u00dcND\u018fM\"],\"inLanguage\":\"az\",\"potentialAction\":[{\"@type\":\"CommentAction\",\"name\":\"Comment\",\"target\":[\"https:\\\/\\\/yenituran.az\\\/?p=5048#respond\"]}]},{\"@type\":\"WebPage\",\"@id\":\"https:\\\/\\\/yenituran.az\\\/?p=5048\",\"url\":\"https:\\\/\\\/yenituran.az\\\/?p=5048\",\"name\":\"Ukrayna\u2013Az\u0259rbaycan \u0259laq\u0259l\u0259rinin y\u00fcks\u0259l\u0259n x\u0259tti - YEN\u0130 TURANLA X\u018fB\u018fR VAXTI\",\"isPartOf\":{\"@id\":\"https:\\\/\\\/yenituran.az\\\/#website\"},\"primaryImageOfPage\":{\"@id\":\"https:\\\/\\\/yenituran.az\\\/?p=5048#primaryimage\"},\"image\":{\"@id\":\"https:\\\/\\\/yenituran.az\\\/?p=5048#primaryimage\"},\"thumbnailUrl\":\"https:\\\/\\\/yenituran.az\\\/wp-content\\\/uploads\\\/2026\\\/04\\\/siyavus.jpeg\",\"datePublished\":\"2026-04-28T06:38:16+00:00\",\"dateModified\":\"2026-04-28T06:38:17+00:00\",\"author\":{\"@id\":\"https:\\\/\\\/yenituran.az\\\/#\\\/schema\\\/person\\\/85472adb2acc776fbe2eec9981422a3d\"},\"breadcrumb\":{\"@id\":\"https:\\\/\\\/yenituran.az\\\/?p=5048#breadcrumb\"},\"inLanguage\":\"az\",\"potentialAction\":[{\"@type\":\"ReadAction\",\"target\":[\"https:\\\/\\\/yenituran.az\\\/?p=5048\"]}]},{\"@type\":\"ImageObject\",\"inLanguage\":\"az\",\"@id\":\"https:\\\/\\\/yenituran.az\\\/?p=5048#primaryimage\",\"url\":\"https:\\\/\\\/yenituran.az\\\/wp-content\\\/uploads\\\/2026\\\/04\\\/siyavus.jpeg\",\"contentUrl\":\"https:\\\/\\\/yenituran.az\\\/wp-content\\\/uploads\\\/2026\\\/04\\\/siyavus.jpeg\",\"width\":620,\"height\":375},{\"@type\":\"BreadcrumbList\",\"@id\":\"https:\\\/\\\/yenituran.az\\\/?p=5048#breadcrumb\",\"itemListElement\":[{\"@type\":\"ListItem\",\"position\":1,\"name\":\"Home\",\"item\":\"https:\\\/\\\/yenituran.az\\\/\"},{\"@type\":\"ListItem\",\"position\":2,\"name\":\"Ukrayna\u2013Az\u0259rbaycan \u0259laq\u0259l\u0259rinin y\u00fcks\u0259l\u0259n x\u0259tti\"}]},{\"@type\":\"WebSite\",\"@id\":\"https:\\\/\\\/yenituran.az\\\/#website\",\"url\":\"https:\\\/\\\/yenituran.az\\\/\",\"name\":\"\u27a1\ufe0f YEN\u0130 TURAN\",\"description\":\"\",\"potentialAction\":[{\"@type\":\"SearchAction\",\"target\":{\"@type\":\"EntryPoint\",\"urlTemplate\":\"https:\\\/\\\/yenituran.az\\\/?s={search_term_string}\"},\"query-input\":{\"@type\":\"PropertyValueSpecification\",\"valueRequired\":true,\"valueName\":\"search_term_string\"}}],\"inLanguage\":\"az\"},{\"@type\":\"Person\",\"@id\":\"https:\\\/\\\/yenituran.az\\\/#\\\/schema\\\/person\\\/85472adb2acc776fbe2eec9981422a3d\",\"name\":\"Yenituran.az\",\"image\":{\"@type\":\"ImageObject\",\"inLanguage\":\"az\",\"@id\":\"https:\\\/\\\/secure.gravatar.com\\\/avatar\\\/ed49ef122403fafb3d9b7a6a4d78864bef4e38936f58e590ddd58c0a034b37a9?s=96&d=mm&r=g\",\"url\":\"https:\\\/\\\/secure.gravatar.com\\\/avatar\\\/ed49ef122403fafb3d9b7a6a4d78864bef4e38936f58e590ddd58c0a034b37a9?s=96&d=mm&r=g\",\"contentUrl\":\"https:\\\/\\\/secure.gravatar.com\\\/avatar\\\/ed49ef122403fafb3d9b7a6a4d78864bef4e38936f58e590ddd58c0a034b37a9?s=96&d=mm&r=g\",\"caption\":\"Yenituran.az\"},\"sameAs\":[\"http:\\\/\\\/yenituran.az\"],\"url\":\"https:\\\/\\\/yenituran.az\\\/?author=1\"}]}<\/script>\n<!-- \/ Yoast SEO plugin. -->","yoast_head_json":{"title":"Ukrayna\u2013Az\u0259rbaycan \u0259laq\u0259l\u0259rinin y\u00fcks\u0259l\u0259n x\u0259tti - YEN\u0130 TURANLA X\u018fB\u018fR VAXTI","robots":{"index":"index","follow":"follow","max-snippet":"max-snippet:-1","max-image-preview":"max-image-preview:large","max-video-preview":"max-video-preview:-1"},"canonical":"https:\/\/yenituran.az\/?p=5048","og_locale":"az_AZ","og_type":"article","og_title":"Ukrayna\u2013Az\u0259rbaycan \u0259laq\u0259l\u0259rinin y\u00fcks\u0259l\u0259n x\u0259tti - YEN\u0130 TURANLA X\u018fB\u018fR VAXTI","og_description":"Prezident \u0130lham \u018fliyev: \u201cSizinl\u0259 apard\u0131\u011f\u0131m\u0131z fikir m\u00fcbadil\u0259si v\u0259 ondan sonrak\u0131 t\u0259maslar Ukrayna-Az\u0259rbaycan \u0259laq\u0259l\u0259rini daha y\u00fcks\u0259k s\u0259viyy\u0259y\u0259 qald\u0131rm\u0131\u015fd\u0131r\u201d. &nbsp;M\u00fcasir beyn\u0259lxalq m\u00fcnasib\u0259tl\u0259r sistemind\u0259 d\u00f6vl\u0259tl\u0259raras\u0131 \u0259laq\u0259l\u0259rin inki\u015faf\u0131nda liderl\u0259raras\u0131 dialoq x\u00fcsusi \u0259h\u0259miyy\u0259t k\u0259sb edir. Bu bax\u0131mdan \u0130lham \u018fliyev il\u0259 Volodimir Zelenski aras\u0131nda formala\u015fm\u0131\u015f m\u00fcnasib\u0259tl\u0259r son ill\u0259rd\u0259 Az\u0259rbaycan\u2013Ukrayna \u0259m\u0259kda\u015fl\u0131\u011f\u0131n\u0131n \u0259sas istiqam\u0259tl\u0259rini m\u00fc\u0259yy\u0259n ed\u0259n m\u00fch\u00fcm amill\u0259rd\u0259n birin\u0259 \u00e7evrilib. Aprelin 25-d\u0259 Ukrayna [&hellip;]","og_url":"https:\/\/yenituran.az\/?p=5048","og_site_name":"YEN\u0130 TURANLA X\u018fB\u018fR VAXTI","article_published_time":"2026-04-28T06:38:16+00:00","article_modified_time":"2026-04-28T06:38:17+00:00","og_image":[{"width":620,"height":375,"url":"http:\/\/yenituran.az\/wp-content\/uploads\/2026\/04\/siyavus.jpeg","type":"image\/jpeg"}],"author":"Yenituran.az","twitter_card":"summary_large_image","twitter_misc":{"Written by":"Yenituran.az","Est. reading time":"5 minutes"},"schema":{"@context":"https:\/\/schema.org","@graph":[{"@type":"Article","@id":"https:\/\/yenituran.az\/?p=5048#article","isPartOf":{"@id":"https:\/\/yenituran.az\/?p=5048"},"author":{"name":"Yenituran.az","@id":"https:\/\/yenituran.az\/#\/schema\/person\/85472adb2acc776fbe2eec9981422a3d"},"headline":"Ukrayna\u2013Az\u0259rbaycan \u0259laq\u0259l\u0259rinin y\u00fcks\u0259l\u0259n x\u0259tti","datePublished":"2026-04-28T06:38:16+00:00","dateModified":"2026-04-28T06:38:17+00:00","mainEntityOfPage":{"@id":"https:\/\/yenituran.az\/?p=5048"},"wordCount":1501,"commentCount":0,"image":{"@id":"https:\/\/yenituran.az\/?p=5048#primaryimage"},"thumbnailUrl":"https:\/\/yenituran.az\/wp-content\/uploads\/2026\/04\/siyavus.jpeg","articleSection":["G\u00dcND\u018fM"],"inLanguage":"az","potentialAction":[{"@type":"CommentAction","name":"Comment","target":["https:\/\/yenituran.az\/?p=5048#respond"]}]},{"@type":"WebPage","@id":"https:\/\/yenituran.az\/?p=5048","url":"https:\/\/yenituran.az\/?p=5048","name":"Ukrayna\u2013Az\u0259rbaycan \u0259laq\u0259l\u0259rinin y\u00fcks\u0259l\u0259n x\u0259tti - YEN\u0130 TURANLA X\u018fB\u018fR VAXTI","isPartOf":{"@id":"https:\/\/yenituran.az\/#website"},"primaryImageOfPage":{"@id":"https:\/\/yenituran.az\/?p=5048#primaryimage"},"image":{"@id":"https:\/\/yenituran.az\/?p=5048#primaryimage"},"thumbnailUrl":"https:\/\/yenituran.az\/wp-content\/uploads\/2026\/04\/siyavus.jpeg","datePublished":"2026-04-28T06:38:16+00:00","dateModified":"2026-04-28T06:38:17+00:00","author":{"@id":"https:\/\/yenituran.az\/#\/schema\/person\/85472adb2acc776fbe2eec9981422a3d"},"breadcrumb":{"@id":"https:\/\/yenituran.az\/?p=5048#breadcrumb"},"inLanguage":"az","potentialAction":[{"@type":"ReadAction","target":["https:\/\/yenituran.az\/?p=5048"]}]},{"@type":"ImageObject","inLanguage":"az","@id":"https:\/\/yenituran.az\/?p=5048#primaryimage","url":"https:\/\/yenituran.az\/wp-content\/uploads\/2026\/04\/siyavus.jpeg","contentUrl":"https:\/\/yenituran.az\/wp-content\/uploads\/2026\/04\/siyavus.jpeg","width":620,"height":375},{"@type":"BreadcrumbList","@id":"https:\/\/yenituran.az\/?p=5048#breadcrumb","itemListElement":[{"@type":"ListItem","position":1,"name":"Home","item":"https:\/\/yenituran.az\/"},{"@type":"ListItem","position":2,"name":"Ukrayna\u2013Az\u0259rbaycan \u0259laq\u0259l\u0259rinin y\u00fcks\u0259l\u0259n x\u0259tti"}]},{"@type":"WebSite","@id":"https:\/\/yenituran.az\/#website","url":"https:\/\/yenituran.az\/","name":"\u27a1\ufe0f YEN\u0130 TURAN","description":"","potentialAction":[{"@type":"SearchAction","target":{"@type":"EntryPoint","urlTemplate":"https:\/\/yenituran.az\/?s={search_term_string}"},"query-input":{"@type":"PropertyValueSpecification","valueRequired":true,"valueName":"search_term_string"}}],"inLanguage":"az"},{"@type":"Person","@id":"https:\/\/yenituran.az\/#\/schema\/person\/85472adb2acc776fbe2eec9981422a3d","name":"Yenituran.az","image":{"@type":"ImageObject","inLanguage":"az","@id":"https:\/\/secure.gravatar.com\/avatar\/ed49ef122403fafb3d9b7a6a4d78864bef4e38936f58e590ddd58c0a034b37a9?s=96&d=mm&r=g","url":"https:\/\/secure.gravatar.com\/avatar\/ed49ef122403fafb3d9b7a6a4d78864bef4e38936f58e590ddd58c0a034b37a9?s=96&d=mm&r=g","contentUrl":"https:\/\/secure.gravatar.com\/avatar\/ed49ef122403fafb3d9b7a6a4d78864bef4e38936f58e590ddd58c0a034b37a9?s=96&d=mm&r=g","caption":"Yenituran.az"},"sameAs":["http:\/\/yenituran.az"],"url":"https:\/\/yenituran.az\/?author=1"}]}},"_links":{"self":[{"href":"https:\/\/yenituran.az\/index.php?rest_route=\/wp\/v2\/posts\/5048","targetHints":{"allow":["GET"]}}],"collection":[{"href":"https:\/\/yenituran.az\/index.php?rest_route=\/wp\/v2\/posts"}],"about":[{"href":"https:\/\/yenituran.az\/index.php?rest_route=\/wp\/v2\/types\/post"}],"author":[{"embeddable":true,"href":"https:\/\/yenituran.az\/index.php?rest_route=\/wp\/v2\/users\/1"}],"replies":[{"embeddable":true,"href":"https:\/\/yenituran.az\/index.php?rest_route=%2Fwp%2Fv2%2Fcomments&post=5048"}],"version-history":[{"count":1,"href":"https:\/\/yenituran.az\/index.php?rest_route=\/wp\/v2\/posts\/5048\/revisions"}],"predecessor-version":[{"id":5050,"href":"https:\/\/yenituran.az\/index.php?rest_route=\/wp\/v2\/posts\/5048\/revisions\/5050"}],"wp:featuredmedia":[{"embeddable":true,"href":"https:\/\/yenituran.az\/index.php?rest_route=\/wp\/v2\/media\/5049"}],"wp:attachment":[{"href":"https:\/\/yenituran.az\/index.php?rest_route=%2Fwp%2Fv2%2Fmedia&parent=5048"}],"wp:term":[{"taxonomy":"category","embeddable":true,"href":"https:\/\/yenituran.az\/index.php?rest_route=%2Fwp%2Fv2%2Fcategories&post=5048"},{"taxonomy":"post_tag","embeddable":true,"href":"https:\/\/yenituran.az\/index.php?rest_route=%2Fwp%2Fv2%2Ftags&post=5048"}],"curies":[{"name":"wp","href":"https:\/\/api.w.org\/{rel}","templated":true}]}}