{"id":4951,"date":"2026-03-16T11:42:09","date_gmt":"2026-03-16T07:42:09","guid":{"rendered":"https:\/\/yenituran.az\/?p=4951"},"modified":"2026-03-16T11:42:10","modified_gmt":"2026-03-16T07:42:10","slug":"yeni-dovrd%c9%99-sulh-v%c9%99-sabitlik","status":"publish","type":"post","link":"https:\/\/yenituran.az\/?p=4951","title":{"rendered":"Yeni d\u00f6vrd\u0259 s\u00fclh v\u0259 sabitlik"},"content":{"rendered":"\n<p>Suverenliyin b\u0259rpas\u0131 yaln\u0131z h\u0259rbi v\u0259 siyasi add\u0131mlarla deyil, eyni zamanda g\u00fccl\u00fc milli irad\u0259 il\u0259 m\u00fcmk\u00fcn olmu\u015fdur. D\u00f6vl\u0259t r\u0259hb\u0259rliyinin q\u0259tiyy\u0259tli siyas\u0259ti, xalq\u0131n birliyi v\u0259 ordunun g\u00fcc\u00fc bu prosesd\u0259 h\u0259lledici rol oynam\u0131\u015fd\u0131r. Prezident \u0130lham \u018fliyevin 12 mart 2026-c\u0131 ild\u0259 \u201cKe\u00e7id d\u00f6vr\u00fcnd\u0259 olan d\u00fcnyada fikir ayr\u0131l\u0131qlar\u0131n\u0131n aradan qald\u0131r\u0131lmas\u0131\u201d m\u00f6vzusunda XIII Qlobal Bak\u0131 Forumunda qeyd etdiyi kimi, s\u00fclh v\u0259 \u0259dal\u0259t u\u011frunda m\u00fcbariz\u0259d\u0259 g\u00fccl\u00fc siyasi irad\u0259, c\u0259sar\u0259t v\u0259 prinsipial m\u00f6vqe \u00e7ox m\u00fch\u00fcm amildir. D\u00f6vl\u0259t \u00f6z milli maraqlar\u0131n\u0131 q\u0259tiyy\u0259tl\u0259 m\u00fcdafi\u0259 etdikd\u0259 v\u0259 beyn\u0259lxalq h\u00fcquqa \u0259sasland\u0131qda qar\u015f\u0131ya qoyulan m\u0259qs\u0259dl\u0259r\u0259 nail olmaq m\u00fcmk\u00fcnd\u00fcr. Az\u0259rbaycan\u0131n son ill\u0259rd\u0259 h\u0259yata ke\u00e7irdiyi siyasi, iqtisadi v\u0259 h\u0259rbi islahatlar da \u00f6lk\u0259nin m\u00fcdafi\u0259 qabiliyy\u0259tinin g\u00fccl\u0259nm\u0259sin\u0259 m\u00fch\u00fcm t\u00f6hf\u0259 verib. Bu amill\u0259r suverenliyin b\u0259rpas\u0131 prosesind\u0259 vacib rol oynay\u0131b.<\/p>\n\n\n\n<p>Bu g\u00fcn Az\u0259rbaycan regionda yeni reall\u0131qlar\u0131n formala\u015fd\u0131\u011f\u0131 bir d\u00f6vr ya\u015fay\u0131r. Prezident \u0130lham \u018fliyevin s\u00f6zl\u0259rin\u0259 g\u00f6r\u0259, \u00f6lk\u0259 art\u0131q s\u00fclh \u015f\u0259raitind\u0259 ya\u015fay\u0131r v\u0259 bu v\u0259ziyy\u0259t h\u0259l\u0259 yeni m\u0259rh\u0259l\u0259nin ba\u015flan\u011f\u0131c\u0131d\u0131r. S\u00fclh\u00fcn qorunmas\u0131 v\u0259 sabitliyin m\u00f6hk\u0259ml\u0259ndirilm\u0259si indi Az\u0259rbaycan\u0131n \u0259sas prioritetl\u0259rind\u0259n biri kimi qal\u0131r. Regionda uzunm\u00fcdd\u0259tli s\u00fclh\u00fcn t\u0259min edilm\u0259si \u00fc\u00e7\u00fcn qar\u015f\u0131l\u0131ql\u0131 etimad, \u0259m\u0259kda\u015fl\u0131q v\u0259 beyn\u0259lxalq h\u00fcquqa h\u00f6rm\u0259t \u0259sas \u015f\u0259rtl\u0259r hesab olunur. Az\u0259rbaycan regional \u0259m\u0259kda\u015fl\u0131q t\u0259\u015f\u0259bb\u00fcsl\u0259ri il\u0259 d\u0259 bu proses\u0259 t\u00f6hf\u0259 verir. N\u0259qliyyat, enerji v\u0259 iqtisadi layih\u0259l\u0259r region \u00f6lk\u0259l\u0259ri aras\u0131nda \u0259laq\u0259l\u0259rin g\u00fccl\u0259nm\u0259sin\u0259 v\u0259 qar\u015f\u0131l\u0131ql\u0131 as\u0131l\u0131l\u0131\u011f\u0131n artmas\u0131na xidm\u0259t edir. Bu is\u0259 s\u00fclh v\u0259 sabitliyin m\u00f6hk\u0259ml\u0259nm\u0259si \u00fc\u00e7\u00fcn m\u00fch\u00fcm amill\u0259rd\u0259n biridir.<\/p>\n\n\n\n<p>M\u00fcasir d\u00f6vrd\u0259 t\u0259hl\u00fck\u0259sizlik m\u0259s\u0259l\u0259l\u0259ri yaln\u0131z bir d\u00f6vl\u0259tin s\u0259yl\u0259ri il\u0259 h\u0259ll oluna bilm\u0259z. Regional v\u0259 qlobal \u0259m\u0259kda\u015fl\u0131q t\u0259hl\u00fck\u0259sizlik sisteminin \u0259sas komponentl\u0259rind\u0259n biridir. Az\u0259rbaycan beyn\u0259lxalq t\u0259\u015fkilatlarla v\u0259 m\u00fcxt\u0259lif \u00f6lk\u0259l\u0259rl\u0259 \u0259m\u0259kda\u015fl\u0131q ed\u0259r\u0259k regional t\u0259hl\u00fck\u0259sizliyin m\u00f6hk\u0259ml\u0259ndirilm\u0259sin\u0259 t\u00f6hf\u0259 verir. Bu \u0259m\u0259kda\u015fl\u0131q h\u0259m siyasi dialoq, h\u0259m d\u0259 iqtisadi v\u0259 humanitar layih\u0259l\u0259r vasit\u0259sil\u0259 h\u0259yata ke\u00e7irilir. Bununla yana\u015f\u0131, Az\u0259rbaycan s\u00fclh t\u0259\u015f\u0259bb\u00fcsl\u0259rini d\u0259st\u0259kl\u0259y\u0259n v\u0259 regionda sabitliyin qorunmas\u0131na y\u00f6n\u0259lmi\u015f siyas\u0259t h\u0259yata ke\u00e7irir.<\/p>\n\n\n\n<p>M\u00fcasir beyn\u0259lxalq m\u00fcnasib\u0259tl\u0259r sistemind\u0259 d\u00f6vl\u0259tl\u0259rin suverenliyi v\u0259 \u0259razi b\u00fct\u00f6vl\u00fcy\u00fc \u0259n fundamental prinsipl\u0259rd\u0259n hesab olunur. Lakin tarix g\u00f6st\u0259rir ki, bu prinsipl\u0259r h\u0259r zaman praktikada qorunmur v\u0259 b\u0259zi hallarda d\u00f6vl\u0259tl\u0259r uzun ill\u0259r \u0259rzind\u0259 i\u015f\u011fal v\u0259 m\u00fcnaqi\u015f\u0259 \u015f\u0259raitind\u0259 ya\u015fama\u011fa m\u0259cbur qal\u0131rlar. Az\u0259rbaycan da bel\u0259 d\u00f6vl\u0259tl\u0259rd\u0259n biri olmu\u015fdur. Prezident \u0130lham \u018fliyev m\u00fcxt\u0259lif beyn\u0259lxalq forumlarda \u00e7\u0131x\u0131\u015flar\u0131nda qeyd edib ki, Az\u0259rbaycan i\u015f\u011fal olunmu\u015f \u0259razil\u0259rini g\u00fcc vasit\u0259sil\u0259 azad etmi\u015f, lakin s\u00fclh\u0259 siyasi v\u0259 diplomatik yollarla nail olmu\u015fdur. Bu yana\u015fma m\u00fcasir beyn\u0259lxalq m\u00fcnasib\u0259tl\u0259r tarixind\u0259 nadir t\u0259cr\u00fcb\u0259l\u0259rd\u0259n biri kimi qiym\u0259tl\u0259ndirilir. XX \u0259srin sonlar\u0131nda ba\u015f ver\u0259n m\u00fcnaqi\u015f\u0259l\u0259r n\u0259tic\u0259sind\u0259 Az\u0259rbaycan\u0131n \u0259razil\u0259rinin bir hiss\u0259si i\u015f\u011fal alt\u0131na d\u00fc\u015fm\u00fc\u015fd\u00fcr. T\u0259xmin\u0259n 30 il \u0259rzind\u0259 \u00f6lk\u0259 \u0259razisinin t\u0259qrib\u0259n 20 faizi n\u0259zar\u0259td\u0259n k\u0259narda qalm\u0131\u015fd\u0131. Bu v\u0259ziyy\u0259t yaln\u0131z siyasi v\u0259 h\u0259rbi problem deyil, eyni zamanda ciddi humanitar b\u00f6hran yaratm\u0131\u015fd\u0131. \u0130\u015f\u011fal n\u0259tic\u0259sind\u0259 y\u00fcz minl\u0259rl\u0259 az\u0259rbaycanl\u0131 do\u011fma torpaqlar\u0131n\u0131 t\u0259rk etm\u0259k m\u0259cburiyy\u0259tind\u0259 qalm\u0131\u015f v\u0259 m\u0259cburi k\u00f6\u00e7k\u00fcn v\u0259ziyy\u0259tin\u0259 d\u00fc\u015fm\u00fc\u015fd\u00fcr. Bu hadis\u0259l\u0259r beyn\u0259lxalq h\u00fcquqda \u201cetnik t\u0259mizl\u0259m\u0259\u201d kimi qiym\u0259tl\u0259ndiril\u0259n prosesl\u0259rin n\u00fcmun\u0259l\u0259rind\u0259n biri hesab olunur. Az\u0259rbaycan c\u0259miyy\u0259ti uzun ill\u0259r \u0259rzind\u0259 bu a\u011f\u0131r humanitar v\u0259 sosial n\u0259tic\u0259l\u0259rl\u0259 \u00fczl\u0259\u015fmi\u015fdir. M\u0259cburi k\u00f6\u00e7k\u00fcnl\u0259r \u00f6lk\u0259nin m\u00fcxt\u0259lif b\u00f6lg\u0259l\u0259rind\u0259 m\u00fcv\u0259qq\u0259ti ya\u015fay\u0131\u015f \u015f\u0259raitind\u0259 ya\u015famaq m\u0259cburiyy\u0259tind\u0259 qalm\u0131\u015fd\u0131lar.<\/p>\n\n\n\n<p>Az\u0259rbaycan m\u00fcnaqi\u015f\u0259nin h\u0259lli \u00fc\u00e7\u00fcn uzun ill\u0259r \u0259rzind\u0259 diplomatik v\u0259 siyasi vasit\u0259l\u0259rd\u0259n istifad\u0259 etmi\u015fdir. Bu m\u00fcdd\u0259td\u0259 beyn\u0259lxalq t\u0259\u015fkilatlar t\u0259r\u0259find\u0259n d\u0259 m\u00fc\u0259yy\u0259n q\u0259rarlar q\u0259bul olunmu\u015fdur. X\u00fcsusil\u0259 Birl\u0259\u015fmi\u015f Mill\u0259tl\u0259r T\u0259\u015fkilat\u0131 \u00e7\u0259r\u00e7iv\u0259sind\u0259 f\u0259aliyy\u0259t g\u00f6st\u0259r\u0259n BMT T\u0259hl\u00fck\u0259sizlik \u015euras\u0131 Az\u0259rbaycan\u0131n \u0259razi b\u00fct\u00f6vl\u00fcy\u00fcn\u00fc d\u0259st\u0259kl\u0259y\u0259n v\u0259 Erm\u0259nistan silahl\u0131 q\u00fcvv\u0259l\u0259rinin i\u015f\u011fal olunmu\u015f \u0259razil\u0259rd\u0259n \u00e7\u0131xar\u0131lmas\u0131n\u0131 t\u0259l\u0259b ed\u0259n q\u0259tnam\u0259l\u0259r q\u0259bul etmi\u015fdi. Lakin uzun ill\u0259r \u0259rzind\u0259 bu q\u0259tnam\u0259l\u0259r praktikada icra edilm\u0259mi\u015f v\u0259 yaln\u0131z ka\u011f\u0131z \u00fcz\u0259rind\u0259 qalm\u0131\u015fd\u0131r. Bu is\u0259 beyn\u0259lxalq sistemd\u0259 selektiv yana\u015fma v\u0259 siyasi maraqlar\u0131n b\u0259z\u0259n h\u00fcquqi prinsipl\u0259rd\u0259n \u00fcst\u00fcn tutuldu\u011funu g\u00f6st\u0259rirdi.Az\u0259rbaycan \u00fc\u00e7\u00fcn bu d\u00f6vr h\u0259m siyasi, h\u0259m d\u0259 diplomatik bax\u0131mdan \u00e7\u0259tin bir m\u0259rh\u0259l\u0259 idi. M\u00fcnaqi\u015f\u0259nin s\u00fclh yolu il\u0259 h\u0259lli istiqam\u0259tind\u0259 apar\u0131lan dan\u0131\u015f\u0131qlar ill\u0259rl\u0259 davam ets\u0259 d\u0259, real n\u0259tic\u0259l\u0259r \u0259ld\u0259 olunmurdu.<\/p>\n\n\n\n<p>2020-ci ild\u0259 ba\u015f ver\u0259n v\u0259 Az\u0259rbaycan\u0131n m\u00fcasir tarixind\u0259 m\u00fch\u00fcm m\u0259rh\u0259l\u0259 hesab olunan V\u0259t\u0259n M\u00fcharib\u0259si \u00f6lk\u0259nin \u0259razi b\u00fct\u00f6vl\u00fcy\u00fcn\u00fcn b\u0259rpas\u0131nda h\u0259lledici rol oynad\u0131. 44 g\u00fcn davam ed\u0259n bu m\u00fcharib\u0259 n\u0259tic\u0259sind\u0259 Az\u0259rbaycan \u00f6z \u0259razil\u0259rinin b\u00f6y\u00fck hiss\u0259sini i\u015f\u011faldan azad etdi. Bu proses yaln\u0131z h\u0259rbi \u0259m\u0259liyyatlar\u0131n n\u0259tic\u0259si deyil, h\u0259m d\u0259 uzun ill\u0259r \u0259rzind\u0259 apar\u0131lan siyasi, iqtisadi v\u0259 h\u0259rbi haz\u0131rl\u0131\u011f\u0131n n\u0259tic\u0259si idi. Az\u0259rbaycan Ordusunun u\u011furlu \u0259m\u0259liyyatlar\u0131 n\u0259tic\u0259sind\u0259 i\u015f\u011fal alt\u0131nda olan bir \u00e7ox \u015f\u0259h\u0259r v\u0259 rayonlar azad edildi v\u0259 regionda yeni geosiyasi reall\u0131q formala\u015fd\u0131.<\/p>\n\n\n\n<p>Az\u0259rbaycan\u0131n t\u0259cr\u00fcb\u0259sini f\u0259rql\u0259ndir\u0259n \u0259sas c\u0259h\u0259tl\u0259rd\u0259n biri d\u0259 h\u0259rbi u\u011furlar\u0131n diplomatik prosesl\u0259rl\u0259 paralel apar\u0131lmas\u0131d\u0131r. Prezident \u0130lham \u018fliyevin vur\u011fulad\u0131\u011f\u0131 kimi, \u0259razil\u0259rin azad edilm\u0259si g\u00fcc vasit\u0259sil\u0259 h\u0259yata ke\u00e7irilmi\u015f, lakin uzunm\u00fcdd\u0259tli s\u00fclh\u00fcn \u0259ld\u0259 olunmas\u0131 siyasi v\u0259 diplomatik yollarla davam etdirilmi\u015fdir. Bu yana\u015fma g\u00f6st\u0259rir ki, d\u00f6vl\u0259tl\u0259r b\u0259zi hallarda beyn\u0259lxalq h\u00fcquqa \u0259saslanaraq \u00f6z suverenliyini m\u00fcdafi\u0259 etm\u0259k \u00fc\u00e7\u00fcn g\u00fccd\u0259n istifad\u0259 etm\u0259k m\u0259cburiyy\u0259tind\u0259 qala bil\u0259rl\u0259r. \u018fg\u0259r s\u00fclh yolu il\u0259 h\u0259ll imkanlar\u0131 t\u00fck\u0259nirs\u0259 v\u0259 beyn\u0259lxalq h\u00fcquq h\u0259min d\u00f6vl\u0259tin m\u00f6vqeyini d\u0259st\u0259kl\u0259yirs\u0259, \u00f6z\u00fcn\u00fcm\u00fcdafi\u0259 h\u00fcququnun t\u0259tbiqi legitim hesab olunur.<\/p>\n\n\n\n<p>Regional t\u0259hl\u00fck\u0259sizlik Az\u0259rbaycan \u00fc\u00e7\u00fcn h\u0259r zaman strateji \u0259h\u0259miyy\u0259t\u0259 malik olub. Uzun ill\u0259r davam ed\u0259n m\u00fcbariz\u0259nin n\u0259tic\u0259sind\u0259 \u00f6lk\u0259 \u00f6z suverenliyini v\u0259 \u0259razi b\u00fct\u00f6vl\u00fcy\u00fcn\u00fc b\u0259rpa edib. Bu proses beyn\u0259lxalq h\u00fcquqa, x\u00fcsusil\u0259 d\u0259 BMT Nizamnam\u0259sind\u0259 n\u0259z\u0259rd\u0259 tutulmu\u015f \u00f6z\u00fcn\u00fc m\u00fcdafi\u0259 h\u00fcququna \u0259saslanaraq h\u0259yata ke\u00e7irilib. Prezident \u0130lham \u018fliyevin vur\u011fulad\u0131\u011f\u0131 kimi, s\u00fclh v\u0259 \u0259dal\u0259t u\u011frunda m\u00fcbariz\u0259d\u0259 q\u0259tiyy\u0259tli siyasi irad\u0259, c\u0259sar\u0259t v\u0259 prinsipial m\u00f6vqe \u0259sas rol oynay\u0131r. Az\u0259rbaycan\u0131n t\u0259cr\u00fcb\u0259si g\u00f6st\u0259rir ki, milli birlik v\u0259 strateji siyas\u0259t say\u0259sind\u0259 \u0259n m\u00fcr\u0259kk\u0259b probleml\u0259rin bel\u0259 h\u0259llin\u0259 nail olmaq m\u00fcmk\u00fcnd\u00fcr. Bu g\u00fcn is\u0259 \u0259sas m\u0259qs\u0259d \u0259ld\u0259 edilmi\u015f nailiyy\u0259tl\u0259ri qorumaq, regionda davaml\u0131 s\u00fclh v\u0259 sabitliyin t\u0259min olunmas\u0131na t\u00f6hf\u0259 verm\u0259kdir. Az\u0259rbaycan bu istiqam\u0259td\u0259 f\u0259aliyy\u0259tini davam etdir\u0259r\u0259k C\u0259nubi Qafqazda t\u0259hl\u00fck\u0259siz v\u0259 sabit g\u0259l\u0259c\u0259yin qurulmas\u0131na \u00e7al\u0131\u015f\u0131r.<\/p>\n\n\n\n<p>Qas\u0131mov S\u0259yavu\u015f Kamran o\u011flu, Avrasiya Universitetinin rektoru, siyasi elml\u0259r \u00fczr\u0259 f\u0259ls\u0259f\u0259 doktoru, dosent<\/p>\n","protected":false},"excerpt":{"rendered":"<p>Suverenliyin b\u0259rpas\u0131 yaln\u0131z h\u0259rbi v\u0259 siyasi add\u0131mlarla deyil, eyni zamanda g\u00fccl\u00fc milli irad\u0259 il\u0259 m\u00fcmk\u00fcn olmu\u015fdur. D\u00f6vl\u0259t r\u0259hb\u0259rliyinin q\u0259tiyy\u0259tli siyas\u0259ti, xalq\u0131n birliyi v\u0259 ordunun g\u00fcc\u00fc bu prosesd\u0259 h\u0259lledici rol oynam\u0131\u015fd\u0131r. Prezident \u0130lham \u018fliyevin 12 mart 2026-c\u0131 ild\u0259 \u201cKe\u00e7id d\u00f6vr\u00fcnd\u0259 olan d\u00fcnyada fikir ayr\u0131l\u0131qlar\u0131n\u0131n aradan qald\u0131r\u0131lmas\u0131\u201d m\u00f6vzusunda XIII Qlobal Bak\u0131 Forumunda qeyd etdiyi kimi, s\u00fclh v\u0259 [&hellip;]<\/p>\n","protected":false},"author":1,"featured_media":4447,"comment_status":"open","ping_status":"open","sticky":false,"template":"","format":"standard","meta":{"footnotes":""},"categories":[4],"tags":[],"class_list":["post-4951","post","type-post","status-publish","format-standard","has-post-thumbnail","hentry","category-gundem"],"yoast_head":"<!-- This site is optimized with the Yoast SEO plugin v27.5 - https:\/\/yoast.com\/product\/yoast-seo-wordpress\/ -->\n<title>Yeni d\u00f6vrd\u0259 s\u00fclh v\u0259 sabitlik - YEN\u0130 TURANLA X\u018fB\u018fR VAXTI<\/title>\n<meta name=\"robots\" content=\"index, follow, max-snippet:-1, max-image-preview:large, max-video-preview:-1\" \/>\n<link rel=\"canonical\" href=\"https:\/\/yenituran.az\/?p=4951\" \/>\n<meta property=\"og:locale\" content=\"az_AZ\" \/>\n<meta property=\"og:type\" content=\"article\" \/>\n<meta property=\"og:title\" content=\"Yeni d\u00f6vrd\u0259 s\u00fclh v\u0259 sabitlik - YEN\u0130 TURANLA X\u018fB\u018fR VAXTI\" \/>\n<meta property=\"og:description\" content=\"Suverenliyin b\u0259rpas\u0131 yaln\u0131z h\u0259rbi v\u0259 siyasi add\u0131mlarla deyil, eyni zamanda g\u00fccl\u00fc milli irad\u0259 il\u0259 m\u00fcmk\u00fcn olmu\u015fdur. D\u00f6vl\u0259t r\u0259hb\u0259rliyinin q\u0259tiyy\u0259tli siyas\u0259ti, xalq\u0131n birliyi v\u0259 ordunun g\u00fcc\u00fc bu prosesd\u0259 h\u0259lledici rol oynam\u0131\u015fd\u0131r. Prezident \u0130lham \u018fliyevin 12 mart 2026-c\u0131 ild\u0259 \u201cKe\u00e7id d\u00f6vr\u00fcnd\u0259 olan d\u00fcnyada fikir ayr\u0131l\u0131qlar\u0131n\u0131n aradan qald\u0131r\u0131lmas\u0131\u201d m\u00f6vzusunda XIII Qlobal Bak\u0131 Forumunda qeyd etdiyi kimi, s\u00fclh v\u0259 [&hellip;]\" \/>\n<meta property=\"og:url\" content=\"https:\/\/yenituran.az\/?p=4951\" \/>\n<meta property=\"og:site_name\" content=\"YEN\u0130 TURANLA X\u018fB\u018fR VAXTI\" \/>\n<meta property=\"article:published_time\" content=\"2026-03-16T07:42:09+00:00\" \/>\n<meta property=\"article:modified_time\" content=\"2026-03-16T07:42:10+00:00\" \/>\n<meta property=\"og:image\" content=\"http:\/\/yenituran.az\/wp-content\/uploads\/2025\/11\/siya.jpeg\" \/>\n\t<meta property=\"og:image:width\" content=\"620\" \/>\n\t<meta property=\"og:image:height\" content=\"400\" \/>\n\t<meta property=\"og:image:type\" content=\"image\/jpeg\" \/>\n<meta name=\"author\" content=\"Yenituran.az\" \/>\n<meta name=\"twitter:card\" content=\"summary_large_image\" \/>\n<meta name=\"twitter:label1\" content=\"Written by\" \/>\n\t<meta name=\"twitter:data1\" content=\"Yenituran.az\" \/>\n\t<meta name=\"twitter:label2\" content=\"Est. reading time\" \/>\n\t<meta name=\"twitter:data2\" content=\"5 minutes\" \/>\n<script type=\"application\/ld+json\" class=\"yoast-schema-graph\">{\"@context\":\"https:\\\/\\\/schema.org\",\"@graph\":[{\"@type\":\"Article\",\"@id\":\"https:\\\/\\\/yenituran.az\\\/?p=4951#article\",\"isPartOf\":{\"@id\":\"https:\\\/\\\/yenituran.az\\\/?p=4951\"},\"author\":{\"name\":\"Yenituran.az\",\"@id\":\"https:\\\/\\\/yenituran.az\\\/#\\\/schema\\\/person\\\/85472adb2acc776fbe2eec9981422a3d\"},\"headline\":\"Yeni d\u00f6vrd\u0259 s\u00fclh v\u0259 sabitlik\",\"datePublished\":\"2026-03-16T07:42:09+00:00\",\"dateModified\":\"2026-03-16T07:42:10+00:00\",\"mainEntityOfPage\":{\"@id\":\"https:\\\/\\\/yenituran.az\\\/?p=4951\"},\"wordCount\":1527,\"commentCount\":0,\"image\":{\"@id\":\"https:\\\/\\\/yenituran.az\\\/?p=4951#primaryimage\"},\"thumbnailUrl\":\"https:\\\/\\\/yenituran.az\\\/wp-content\\\/uploads\\\/2025\\\/11\\\/siya.jpeg\",\"articleSection\":[\"G\u00dcND\u018fM\"],\"inLanguage\":\"az\",\"potentialAction\":[{\"@type\":\"CommentAction\",\"name\":\"Comment\",\"target\":[\"https:\\\/\\\/yenituran.az\\\/?p=4951#respond\"]}]},{\"@type\":\"WebPage\",\"@id\":\"https:\\\/\\\/yenituran.az\\\/?p=4951\",\"url\":\"https:\\\/\\\/yenituran.az\\\/?p=4951\",\"name\":\"Yeni d\u00f6vrd\u0259 s\u00fclh v\u0259 sabitlik - YEN\u0130 TURANLA X\u018fB\u018fR VAXTI\",\"isPartOf\":{\"@id\":\"https:\\\/\\\/yenituran.az\\\/#website\"},\"primaryImageOfPage\":{\"@id\":\"https:\\\/\\\/yenituran.az\\\/?p=4951#primaryimage\"},\"image\":{\"@id\":\"https:\\\/\\\/yenituran.az\\\/?p=4951#primaryimage\"},\"thumbnailUrl\":\"https:\\\/\\\/yenituran.az\\\/wp-content\\\/uploads\\\/2025\\\/11\\\/siya.jpeg\",\"datePublished\":\"2026-03-16T07:42:09+00:00\",\"dateModified\":\"2026-03-16T07:42:10+00:00\",\"author\":{\"@id\":\"https:\\\/\\\/yenituran.az\\\/#\\\/schema\\\/person\\\/85472adb2acc776fbe2eec9981422a3d\"},\"breadcrumb\":{\"@id\":\"https:\\\/\\\/yenituran.az\\\/?p=4951#breadcrumb\"},\"inLanguage\":\"az\",\"potentialAction\":[{\"@type\":\"ReadAction\",\"target\":[\"https:\\\/\\\/yenituran.az\\\/?p=4951\"]}]},{\"@type\":\"ImageObject\",\"inLanguage\":\"az\",\"@id\":\"https:\\\/\\\/yenituran.az\\\/?p=4951#primaryimage\",\"url\":\"https:\\\/\\\/yenituran.az\\\/wp-content\\\/uploads\\\/2025\\\/11\\\/siya.jpeg\",\"contentUrl\":\"https:\\\/\\\/yenituran.az\\\/wp-content\\\/uploads\\\/2025\\\/11\\\/siya.jpeg\",\"width\":620,\"height\":400},{\"@type\":\"BreadcrumbList\",\"@id\":\"https:\\\/\\\/yenituran.az\\\/?p=4951#breadcrumb\",\"itemListElement\":[{\"@type\":\"ListItem\",\"position\":1,\"name\":\"Home\",\"item\":\"https:\\\/\\\/yenituran.az\\\/\"},{\"@type\":\"ListItem\",\"position\":2,\"name\":\"Yeni d\u00f6vrd\u0259 s\u00fclh v\u0259 sabitlik\"}]},{\"@type\":\"WebSite\",\"@id\":\"https:\\\/\\\/yenituran.az\\\/#website\",\"url\":\"https:\\\/\\\/yenituran.az\\\/\",\"name\":\"\u27a1\ufe0f YEN\u0130 TURAN\",\"description\":\"\",\"potentialAction\":[{\"@type\":\"SearchAction\",\"target\":{\"@type\":\"EntryPoint\",\"urlTemplate\":\"https:\\\/\\\/yenituran.az\\\/?s={search_term_string}\"},\"query-input\":{\"@type\":\"PropertyValueSpecification\",\"valueRequired\":true,\"valueName\":\"search_term_string\"}}],\"inLanguage\":\"az\"},{\"@type\":\"Person\",\"@id\":\"https:\\\/\\\/yenituran.az\\\/#\\\/schema\\\/person\\\/85472adb2acc776fbe2eec9981422a3d\",\"name\":\"Yenituran.az\",\"image\":{\"@type\":\"ImageObject\",\"inLanguage\":\"az\",\"@id\":\"https:\\\/\\\/secure.gravatar.com\\\/avatar\\\/ed49ef122403fafb3d9b7a6a4d78864bef4e38936f58e590ddd58c0a034b37a9?s=96&d=mm&r=g\",\"url\":\"https:\\\/\\\/secure.gravatar.com\\\/avatar\\\/ed49ef122403fafb3d9b7a6a4d78864bef4e38936f58e590ddd58c0a034b37a9?s=96&d=mm&r=g\",\"contentUrl\":\"https:\\\/\\\/secure.gravatar.com\\\/avatar\\\/ed49ef122403fafb3d9b7a6a4d78864bef4e38936f58e590ddd58c0a034b37a9?s=96&d=mm&r=g\",\"caption\":\"Yenituran.az\"},\"sameAs\":[\"http:\\\/\\\/yenituran.az\"],\"url\":\"https:\\\/\\\/yenituran.az\\\/?author=1\"}]}<\/script>\n<!-- \/ Yoast SEO plugin. -->","yoast_head_json":{"title":"Yeni d\u00f6vrd\u0259 s\u00fclh v\u0259 sabitlik - YEN\u0130 TURANLA X\u018fB\u018fR VAXTI","robots":{"index":"index","follow":"follow","max-snippet":"max-snippet:-1","max-image-preview":"max-image-preview:large","max-video-preview":"max-video-preview:-1"},"canonical":"https:\/\/yenituran.az\/?p=4951","og_locale":"az_AZ","og_type":"article","og_title":"Yeni d\u00f6vrd\u0259 s\u00fclh v\u0259 sabitlik - YEN\u0130 TURANLA X\u018fB\u018fR VAXTI","og_description":"Suverenliyin b\u0259rpas\u0131 yaln\u0131z h\u0259rbi v\u0259 siyasi add\u0131mlarla deyil, eyni zamanda g\u00fccl\u00fc milli irad\u0259 il\u0259 m\u00fcmk\u00fcn olmu\u015fdur. D\u00f6vl\u0259t r\u0259hb\u0259rliyinin q\u0259tiyy\u0259tli siyas\u0259ti, xalq\u0131n birliyi v\u0259 ordunun g\u00fcc\u00fc bu prosesd\u0259 h\u0259lledici rol oynam\u0131\u015fd\u0131r. Prezident \u0130lham \u018fliyevin 12 mart 2026-c\u0131 ild\u0259 \u201cKe\u00e7id d\u00f6vr\u00fcnd\u0259 olan d\u00fcnyada fikir ayr\u0131l\u0131qlar\u0131n\u0131n aradan qald\u0131r\u0131lmas\u0131\u201d m\u00f6vzusunda XIII Qlobal Bak\u0131 Forumunda qeyd etdiyi kimi, s\u00fclh v\u0259 [&hellip;]","og_url":"https:\/\/yenituran.az\/?p=4951","og_site_name":"YEN\u0130 TURANLA X\u018fB\u018fR VAXTI","article_published_time":"2026-03-16T07:42:09+00:00","article_modified_time":"2026-03-16T07:42:10+00:00","og_image":[{"width":620,"height":400,"url":"http:\/\/yenituran.az\/wp-content\/uploads\/2025\/11\/siya.jpeg","type":"image\/jpeg"}],"author":"Yenituran.az","twitter_card":"summary_large_image","twitter_misc":{"Written by":"Yenituran.az","Est. reading time":"5 minutes"},"schema":{"@context":"https:\/\/schema.org","@graph":[{"@type":"Article","@id":"https:\/\/yenituran.az\/?p=4951#article","isPartOf":{"@id":"https:\/\/yenituran.az\/?p=4951"},"author":{"name":"Yenituran.az","@id":"https:\/\/yenituran.az\/#\/schema\/person\/85472adb2acc776fbe2eec9981422a3d"},"headline":"Yeni d\u00f6vrd\u0259 s\u00fclh v\u0259 sabitlik","datePublished":"2026-03-16T07:42:09+00:00","dateModified":"2026-03-16T07:42:10+00:00","mainEntityOfPage":{"@id":"https:\/\/yenituran.az\/?p=4951"},"wordCount":1527,"commentCount":0,"image":{"@id":"https:\/\/yenituran.az\/?p=4951#primaryimage"},"thumbnailUrl":"https:\/\/yenituran.az\/wp-content\/uploads\/2025\/11\/siya.jpeg","articleSection":["G\u00dcND\u018fM"],"inLanguage":"az","potentialAction":[{"@type":"CommentAction","name":"Comment","target":["https:\/\/yenituran.az\/?p=4951#respond"]}]},{"@type":"WebPage","@id":"https:\/\/yenituran.az\/?p=4951","url":"https:\/\/yenituran.az\/?p=4951","name":"Yeni d\u00f6vrd\u0259 s\u00fclh v\u0259 sabitlik - YEN\u0130 TURANLA X\u018fB\u018fR VAXTI","isPartOf":{"@id":"https:\/\/yenituran.az\/#website"},"primaryImageOfPage":{"@id":"https:\/\/yenituran.az\/?p=4951#primaryimage"},"image":{"@id":"https:\/\/yenituran.az\/?p=4951#primaryimage"},"thumbnailUrl":"https:\/\/yenituran.az\/wp-content\/uploads\/2025\/11\/siya.jpeg","datePublished":"2026-03-16T07:42:09+00:00","dateModified":"2026-03-16T07:42:10+00:00","author":{"@id":"https:\/\/yenituran.az\/#\/schema\/person\/85472adb2acc776fbe2eec9981422a3d"},"breadcrumb":{"@id":"https:\/\/yenituran.az\/?p=4951#breadcrumb"},"inLanguage":"az","potentialAction":[{"@type":"ReadAction","target":["https:\/\/yenituran.az\/?p=4951"]}]},{"@type":"ImageObject","inLanguage":"az","@id":"https:\/\/yenituran.az\/?p=4951#primaryimage","url":"https:\/\/yenituran.az\/wp-content\/uploads\/2025\/11\/siya.jpeg","contentUrl":"https:\/\/yenituran.az\/wp-content\/uploads\/2025\/11\/siya.jpeg","width":620,"height":400},{"@type":"BreadcrumbList","@id":"https:\/\/yenituran.az\/?p=4951#breadcrumb","itemListElement":[{"@type":"ListItem","position":1,"name":"Home","item":"https:\/\/yenituran.az\/"},{"@type":"ListItem","position":2,"name":"Yeni d\u00f6vrd\u0259 s\u00fclh v\u0259 sabitlik"}]},{"@type":"WebSite","@id":"https:\/\/yenituran.az\/#website","url":"https:\/\/yenituran.az\/","name":"\u27a1\ufe0f YEN\u0130 TURAN","description":"","potentialAction":[{"@type":"SearchAction","target":{"@type":"EntryPoint","urlTemplate":"https:\/\/yenituran.az\/?s={search_term_string}"},"query-input":{"@type":"PropertyValueSpecification","valueRequired":true,"valueName":"search_term_string"}}],"inLanguage":"az"},{"@type":"Person","@id":"https:\/\/yenituran.az\/#\/schema\/person\/85472adb2acc776fbe2eec9981422a3d","name":"Yenituran.az","image":{"@type":"ImageObject","inLanguage":"az","@id":"https:\/\/secure.gravatar.com\/avatar\/ed49ef122403fafb3d9b7a6a4d78864bef4e38936f58e590ddd58c0a034b37a9?s=96&d=mm&r=g","url":"https:\/\/secure.gravatar.com\/avatar\/ed49ef122403fafb3d9b7a6a4d78864bef4e38936f58e590ddd58c0a034b37a9?s=96&d=mm&r=g","contentUrl":"https:\/\/secure.gravatar.com\/avatar\/ed49ef122403fafb3d9b7a6a4d78864bef4e38936f58e590ddd58c0a034b37a9?s=96&d=mm&r=g","caption":"Yenituran.az"},"sameAs":["http:\/\/yenituran.az"],"url":"https:\/\/yenituran.az\/?author=1"}]}},"_links":{"self":[{"href":"https:\/\/yenituran.az\/index.php?rest_route=\/wp\/v2\/posts\/4951","targetHints":{"allow":["GET"]}}],"collection":[{"href":"https:\/\/yenituran.az\/index.php?rest_route=\/wp\/v2\/posts"}],"about":[{"href":"https:\/\/yenituran.az\/index.php?rest_route=\/wp\/v2\/types\/post"}],"author":[{"embeddable":true,"href":"https:\/\/yenituran.az\/index.php?rest_route=\/wp\/v2\/users\/1"}],"replies":[{"embeddable":true,"href":"https:\/\/yenituran.az\/index.php?rest_route=%2Fwp%2Fv2%2Fcomments&post=4951"}],"version-history":[{"count":1,"href":"https:\/\/yenituran.az\/index.php?rest_route=\/wp\/v2\/posts\/4951\/revisions"}],"predecessor-version":[{"id":4952,"href":"https:\/\/yenituran.az\/index.php?rest_route=\/wp\/v2\/posts\/4951\/revisions\/4952"}],"wp:featuredmedia":[{"embeddable":true,"href":"https:\/\/yenituran.az\/index.php?rest_route=\/wp\/v2\/media\/4447"}],"wp:attachment":[{"href":"https:\/\/yenituran.az\/index.php?rest_route=%2Fwp%2Fv2%2Fmedia&parent=4951"}],"wp:term":[{"taxonomy":"category","embeddable":true,"href":"https:\/\/yenituran.az\/index.php?rest_route=%2Fwp%2Fv2%2Fcategories&post=4951"},{"taxonomy":"post_tag","embeddable":true,"href":"https:\/\/yenituran.az\/index.php?rest_route=%2Fwp%2Fv2%2Ftags&post=4951"}],"curies":[{"name":"wp","href":"https:\/\/api.w.org\/{rel}","templated":true}]}}