{"id":4947,"date":"2026-03-16T11:35:45","date_gmt":"2026-03-16T07:35:45","guid":{"rendered":"https:\/\/yenituran.az\/?p=4947"},"modified":"2026-03-16T11:35:47","modified_gmt":"2026-03-16T07:35:47","slug":"avropa-bazarinin-az%c9%99rbaycan-ucun-%c9%99h%c9%99miyy%c9%99ti","status":"publish","type":"post","link":"https:\/\/yenituran.az\/?p=4947","title":{"rendered":"Avropa bazar\u0131n\u0131n Az\u0259rbaycan \u00fc\u00e7\u00fcn \u0259h\u0259miyy\u0259ti"},"content":{"rendered":"\n<p>Az\u0259rbaycan il\u0259 Avropa \u0130ttifaq\u0131 \u015euras\u0131 aras\u0131nda m\u00fcnasib\u0259tl\u0259r \u00f6lk\u0259nin Avropa h\u00fcquqi v\u0259 siyasi m\u0259kan\u0131na inteqrasiyas\u0131nda m\u00fch\u00fcm rol oynay\u0131r. Bu \u0259m\u0259kda\u015fl\u0131q insan h\u00fcquqlar\u0131n\u0131n qorunmas\u0131, demokratik institutlar\u0131n inki\u015faf\u0131 v\u0259 h\u00fcquqi d\u00f6vl\u0259t prinsipl\u0259rinin m\u00f6hk\u0259ml\u0259ndirilm\u0259si istiqam\u0259tind\u0259 \u0259h\u0259miyy\u0259tli n\u0259tic\u0259l\u0259r verib. M\u00fcasir d\u00f6vrd\u0259 enerji t\u0259hl\u00fck\u0259sizliyi beyn\u0259lxalq m\u00fcnasib\u0259tl\u0259rin \u0259n m\u00fch\u00fcm istiqam\u0259tl\u0259rind\u0259n birin\u0259 \u00e7evrilmi\u015fdir. Enerji resurslar\u0131n\u0131n sabit v\u0259 etibarl\u0131 \u015f\u0259kild\u0259 t\u0259min olunmas\u0131 h\u0259m d\u00f6vl\u0259tl\u0259rin iqtisadi inki\u015faf\u0131, h\u0259m d\u0259 regional sabitlik \u00fc\u00e7\u00fcn x\u00fcsusi \u0259h\u0259miyy\u0259t da\u015f\u0131y\u0131r. Bu bax\u0131mdan Az\u0259rbaycan il\u0259 Avropa \u0130ttifaq\u0131 \u015euras\u0131 aras\u0131nda enerji \u0259m\u0259kda\u015fl\u0131\u011f\u0131 strateji t\u0259r\u0259fda\u015fl\u0131\u011f\u0131n \u0259sas istiqam\u0259tl\u0259rind\u0259n biri hesab olunur. Bu \u0259m\u0259kda\u015fl\u0131q x\u00fcsusil\u0259 Avropa \u0130ttifaq\u0131 \u015euras\u0131 il\u0259 apar\u0131lan siyasi dialoq v\u0259 q\u0259bul olunan q\u0259rarlar \u00e7\u0259r\u00e7iv\u0259sind\u0259 daha da inki\u015faf edir. Az\u0259rbaycan z\u0259ngin enerji resurslar\u0131na malik \u00f6lk\u0259 kimi uzun ill\u0259rdir beyn\u0259lxalq enerji bazar\u0131nda m\u00fch\u00fcm rol oynay\u0131r. X\u0259z\u0259r regionunun b\u00f6y\u00fck neft v\u0259 qaz ehtiyatlar\u0131na sahib olan Az\u0259rbaycan Avropa \u00f6lk\u0259l\u0259rinin enerji t\u0259hl\u00fck\u0259sizliyinin t\u0259min olunmas\u0131nda etibarl\u0131 t\u0259r\u0259fda\u015f kimi \u00e7\u0131x\u0131\u015f edir. Son zamanlarda Avropa \u00f6lk\u0259l\u0259ri enerji m\u0259nb\u0259l\u0259rinin \u015fax\u0259l\u0259ndirilm\u0259sin\u0259 x\u00fcsusi diqq\u0259t yetirir. Bu m\u0259qs\u0259dl\u0259 Avropa \u0130ttifaq\u0131 alternativ v\u0259 t\u0259hl\u00fck\u0259siz enerji m\u0259nb\u0259l\u0259ri axtar\u0131\u015f\u0131n\u0131 g\u00fccl\u0259ndirmi\u015fdir. Az\u0259rbaycan is\u0259 bu prosesd\u0259 m\u00fch\u00fcm rol oynayaraq Avropaya sabit qaz t\u0259dar\u00fck\u00fc t\u0259min ed\u0259n \u0259sas \u00f6lk\u0259l\u0259rd\u0259n birin\u0259 \u00e7evrilmi\u015fdir. 2026-c\u0131 il mart\u0131n 11-d\u0259 Bak\u0131da ke\u00e7iril\u0259n y\u00fcks\u0259k s\u0259viyy\u0259li g\u00f6r\u00fc\u015f zaman\u0131 Az\u0259rbaycan Prezidenti \u0130lham \u018fliyev Avropa \u0130ttifaq\u0131 \u015euras\u0131n\u0131n Prezidenti Antonio Costa il\u0259 birg\u0259 b\u0259yanatla \u00e7\u0131x\u0131\u015f ed\u0259r\u0259k Az\u0259rbaycan il\u0259 Avropa \u0130ttifaq\u0131 \u015euras\u0131 aras\u0131nda enerji \u0259m\u0259kda\u015fl\u0131\u011f\u0131n\u0131n \u0259h\u0259miyy\u0259tini vur\u011fulad\u0131. Prezident \u00e7\u0131x\u0131\u015f\u0131nda Az\u0259rbaycan\u0131n Avropan\u0131n enerji t\u0259hl\u00fck\u0259sizliyind\u0259 artan rolundan, qaz ixrac\u0131n\u0131n geni\u015fl\u0259nm\u0259sind\u0259n v\u0259 g\u0259l\u0259c\u0259k planlardan \u0259trafl\u0131 b\u0259hs etdi.<\/p>\n\n\n\n<p>Son ill\u0259rd\u0259 Az\u0259rbaycan Avropa \u00f6lk\u0259l\u0259ri \u00fc\u00e7\u00fcn etibarl\u0131 enerji t\u0259r\u0259fda\u015f\u0131na \u00e7evrilmi\u015fdir. Prezident \u0130lham \u018fliyevin qeyd etdiyi kimi, haz\u0131rda Avropa \u0130ttifaq\u0131n\u0131n 10 \u00fczv d\u00f6vl\u0259ti Az\u0259rbaycandan qaz al\u0131r. \u00dcmumilikd\u0259 is\u0259 Az\u0259rbaycan qaz\u0131n\u0131 q\u0259bul ed\u0259n \u00f6lk\u0259l\u0259rin say\u0131 16-ya \u00e7atm\u0131\u015fd\u0131r. Bu fakt Az\u0259rbaycan\u0131n beyn\u0259lxalq enerji bazar\u0131nda rolunun getdikc\u0259 g\u00fccl\u0259ndiyini g\u00f6st\u0259rir. Az\u0259rbaycan\u0131n qaz ixrac\u0131 \u0259sas\u0259n regionlararas\u0131 enerji layih\u0259l\u0259ri v\u0259 m\u00fcasir boru k\u0259m\u0259rl\u0259ri vasit\u0259sil\u0259 h\u0259yata ke\u00e7irilir. Bu infrastruktur say\u0259sind\u0259 Az\u0259rbaycan qaz\u0131 X\u0259z\u0259r regionundan Avropaya t\u0259hl\u00fck\u0259siz v\u0259 fasil\u0259siz \u015f\u0259kild\u0259 \u00e7atd\u0131r\u0131l\u0131r. Bu g\u00f6st\u0259rici \u00f6lk\u0259nin d\u00fcnyada boru k\u0259m\u0259ri vasit\u0259sil\u0259 qaz t\u0259chizat\u0131 h\u0259yata ke\u00e7ir\u0259n apar\u0131c\u0131 d\u00f6vl\u0259tl\u0259rd\u0259n biri oldu\u011funu n\u00fcmayi\u015f etdirir.<\/p>\n\n\n\n<p>Az\u0259rbaycan\u0131n Avropaya qaz ixrac\u0131n\u0131n \u0259sas\u0131n\u0131 t\u0259\u015fkil ed\u0259n layih\u0259l\u0259rd\u0259n biri Southern Gas Corridor hesab olunur. Bu enerji d\u0259hlizi X\u0259z\u0259r h\u00f6vz\u0259sinin qaz ehtiyatlar\u0131n\u0131 Avropa bazar\u0131na \u00e7atd\u0131rmaq m\u0259qs\u0259dil\u0259 yarad\u0131lm\u0131\u015f geni\u015fmiqyasl\u0131 beyn\u0259lxalq layih\u0259dir. C\u0259nub Qaz D\u0259hlizi t\u0259kc\u0259 iqtisadi layih\u0259 deyil, h\u0259m d\u0259 geosiyasi v\u0259 enerji t\u0259hl\u00fck\u0259sizliyi bax\u0131m\u0131ndan b\u00f6y\u00fck \u0259h\u0259miyy\u0259t da\u015f\u0131y\u0131r. Bu layih\u0259 Avropa \u00f6lk\u0259l\u0259rin\u0259 enerji m\u0259nb\u0259l\u0259rini \u015fax\u0259l\u0259ndirm\u0259y\u0259 imkan verir v\u0259 regionda enerji \u0259m\u0259kda\u015fl\u0131\u011f\u0131n\u0131 g\u00fccl\u0259ndirir. Layih\u0259nin f\u0259aliyy\u0259tinin koordinasiyas\u0131 m\u0259qs\u0259dil\u0259 h\u0259r il y\u00fcks\u0259k s\u0259viyy\u0259li toplant\u0131lar ke\u00e7irilir.<\/p>\n\n\n\n<p>Yeni qaz yataqlar\u0131n\u0131n istismara verilm\u0259si bu prosesd\u0259 m\u00fch\u00fcm rol oynayacaq. D\u00f6vl\u0259t ba\u015f\u00e7\u0131s\u0131n\u0131n s\u00f6zl\u0259rin\u0259 g\u00f6r\u0259, n\u00f6vb\u0259ti iki v\u0259 ya \u00fc\u00e7 il \u0259rzind\u0259 Az\u0259rbaycan\u0131n qaz istehsal\u0131 \u0259h\u0259miyy\u0259tli d\u0259r\u0259c\u0259d\u0259 artacaq v\u0259 m\u00f6vcud h\u0259cml\u0259rl\u0259 m\u00fcqayis\u0259d\u0259 \u0259n az\u0131 10 milyard kubmetr \u0259lav\u0259 qaz \u0259ld\u0259 edil\u0259c\u0259k. Bu art\u0131m h\u0259m daxili ehtiyaclar\u0131n \u00f6d\u0259nilm\u0259sin\u0259, h\u0259m d\u0259 ixrac imkanlar\u0131n\u0131n geni\u015fl\u0259nm\u0259sin\u0259 \u015f\u0259rait yaradacaq. Yeni yataqlardan hasil edil\u0259c\u0259k qaz\u0131n \u0259sas istiqam\u0259tl\u0259rind\u0259n biri Avropa bazar\u0131 olacaq. Bu is\u0259 Az\u0259rbaycan il\u0259 Avropa \u0130ttifaq\u0131 aras\u0131nda enerji t\u0259r\u0259fda\u015fl\u0131\u011f\u0131n\u0131n daha da g\u00fccl\u0259n\u0259c\u0259yini g\u00f6st\u0259rir. Prezident \u0130lham \u018fliyev qeyd edib ki, Avropa bazar\u0131 Az\u0259rbaycan\u0131n \u00fcmumi qaz ixrac\u0131n\u0131n t\u0259xmin\u0259n yar\u0131s\u0131n\u0131 t\u0259\u015fkil edir. Bu fakt Avropan\u0131n Az\u0259rbaycan \u00fc\u00e7\u00fcn strateji enerji bazar\u0131 oldu\u011funu g\u00f6st\u0259rir. Avropa \u00f6lk\u0259l\u0259ri enerji m\u0259nb\u0259l\u0259rinin diversifikasiyas\u0131na x\u00fcsusi diqq\u0259t yetirdiyi \u00fc\u00e7\u00fcn Az\u0259rbaycan kimi etibarl\u0131 t\u0259r\u0259fda\u015flarla \u0259m\u0259kda\u015fl\u0131\u011f\u0131 geni\u015fl\u0259ndirm\u0259y\u0259 maraq g\u00f6st\u0259rir. Az\u0259rbaycan is\u0259 z\u0259ngin enerji resurslar\u0131 v\u0259 inki\u015faf etmi\u015f enerji infrastrukturu say\u0259sind\u0259 bu t\u0259l\u0259bat\u0131 qar\u015f\u0131lamaq imkan\u0131na malikdir. Az\u0259rbaycan v\u0259 Avropa \u0130ttifaq\u0131 enerji \u0259m\u0259kda\u015fl\u0131\u011f\u0131n\u0131 yaln\u0131z qaz v\u0259 neft sah\u0259si il\u0259 m\u0259hdudla\u015fd\u0131rm\u0131r. Son ill\u0259rd\u0259 t\u0259r\u0259fl\u0259r b\u0259rpa olunan enerji m\u0259nb\u0259l\u0259ri v\u0259 \u201cya\u015f\u0131l enerji\u201d sah\u0259sind\u0259 d\u0259 \u0259m\u0259kda\u015fl\u0131\u011f\u0131 geni\u015fl\u0259ndirm\u0259y\u0259 ba\u015flam\u0131\u015fd\u0131r. Az\u0259rbaycan\u0131n b\u00f6y\u00fck k\u00fcl\u0259k v\u0259 g\u00fcn\u0259\u015f enerjisi potensial\u0131 Avropa \u015firk\u0259tl\u0259ri \u00fc\u00e7\u00fcn yeni investisiya imkanlar\u0131 yarad\u0131r. Bu sah\u0259d\u0259 h\u0259yata ke\u00e7iril\u0259n layih\u0259l\u0259r h\u0259m enerji istehsal\u0131n\u0131n \u015fax\u0259l\u0259ndirilm\u0259sin\u0259, h\u0259m d\u0259 ekoloji davaml\u0131l\u0131\u011f\u0131n t\u0259min olunmas\u0131na xidm\u0259t edir.<\/p>\n\n\n\n<p>Az\u0259rbaycan il\u0259 Avropa \u0130ttifaq\u0131 \u015euras\u0131 aras\u0131nda enerji \u0259m\u0259kda\u015fl\u0131\u011f\u0131 son ill\u0259rd\u0259 s\u00fcr\u0259tl\u0259 inki\u015faf edir v\u0259 bu \u0259m\u0259kda\u015fl\u0131q g\u0259l\u0259c\u0259kd\u0259 daha da geni\u015fl\u0259n\u0259c\u0259k. Yeni qaz yataqlar\u0131n\u0131n i\u015fl\u0259nm\u0259si, m\u00f6vcud boru k\u0259m\u0259rl\u0259rinin g\u00fcc\u00fcn\u00fcn art\u0131r\u0131lmas\u0131 v\u0259 yeni enerji layih\u0259l\u0259rinin h\u0259yata ke\u00e7irilm\u0259si bu sah\u0259d\u0259 m\u00fch\u00fcm rol oynayacaq. Eyni zamanda, enerji sah\u0259sind\u0259 \u0259m\u0259kda\u015fl\u0131q yaln\u0131z qaz ixrac\u0131 il\u0259 m\u0259hdudla\u015fm\u0131r. T\u0259r\u0259fl\u0259r b\u0259rpa olunan enerji m\u0259nb\u0259l\u0259ri, ya\u015f\u0131l enerji layih\u0259l\u0259ri v\u0259 enerji s\u0259m\u0259r\u0259liliyi sah\u0259l\u0259rind\u0259 d\u0259 \u0259m\u0259kda\u015fl\u0131q imkanlar\u0131n\u0131 geni\u015fl\u0259ndirirl\u0259r. Prezident \u0130lham \u018fliyevin b\u0259yanat\u0131 Az\u0259rbaycan\u0131n qlobal enerji bazar\u0131nda m\u00f6vqeyinin g\u00fccl\u0259ndiyini v\u0259 Avropan\u0131n enerji t\u0259hl\u00fck\u0259sizliyind\u0259 m\u00fch\u00fcm rol oynad\u0131\u011f\u0131n\u0131 bir daha g\u00f6st\u0259rir. Az\u0259rbaycan qaz\u0131n\u0131 q\u0259bul ed\u0259n \u00f6lk\u0259l\u0259rin say\u0131n\u0131n artmas\u0131, yeni hasilat layih\u0259l\u0259rinin h\u0259yata ke\u00e7irilm\u0259si v\u0259 Avropa il\u0259 strateji enerji t\u0259r\u0259fda\u015fl\u0131\u011f\u0131n\u0131n inki\u015faf\u0131 \u00f6lk\u0259nin beyn\u0259lxalq enerji siyas\u0259tind\u0259 m\u00fch\u00fcm nailiyy\u0259tl\u0259rind\u0259n biridir. G\u0259l\u0259c\u0259k ill\u0259rd\u0259 qaz hasilat\u0131n\u0131n art\u0131r\u0131lmas\u0131 v\u0259 yeni ixrac imkanlar\u0131n\u0131n yarad\u0131lmas\u0131 Az\u0259rbaycan\u0131n h\u0259m regional, h\u0259m d\u0259 qlobal enerji sistemind\u0259 rolunu daha da g\u00fccl\u0259ndir\u0259c\u0259k. Bu is\u0259 \u00f6lk\u0259nin iqtisadi inki\u015faf\u0131na v\u0259 beyn\u0259lxalq \u0259m\u0259kda\u015fl\u0131\u011f\u0131n geni\u015fl\u0259nm\u0259sin\u0259 m\u00fch\u00fcm t\u00f6hf\u0259 ver\u0259c\u0259k<\/p>\n\n\n\n<p>Az\u0259rbaycan il\u0259 Avropa \u0130ttifaq\u0131 \u015euras\u0131 aras\u0131nda enerji \u0259m\u0259kda\u015fl\u0131\u011f\u0131 h\u0259m iqtisadi, h\u0259m d\u0259 geosiyasi bax\u0131mdan b\u00f6y\u00fck \u0259h\u0259miyy\u0259t da\u015f\u0131y\u0131r. Bu \u0259m\u0259kda\u015fl\u0131q Avropan\u0131n enerji t\u0259hl\u00fck\u0259sizliyinin t\u0259min edilm\u0259sin\u0259, enerji m\u0259nb\u0259l\u0259rinin \u015fax\u0259l\u0259ndirilm\u0259sin\u0259 v\u0259 regionlararas\u0131 iqtisadi \u0259laq\u0259l\u0259rin inki\u015faf\u0131na m\u00fch\u00fcm t\u00f6hf\u0259 verir. C\u0259nub Qaz D\u0259hlizi kimi strateji layih\u0259l\u0259r v\u0259 yeni enerji t\u0259\u015f\u0259bb\u00fcsl\u0259ri Az\u0259rbaycan\u0131n beyn\u0259lxalq enerji bazar\u0131nda rolunu daha da g\u00fccl\u0259ndirir. G\u0259l\u0259c\u0259kd\u0259 enerji sah\u0259sind\u0259 \u0259m\u0259kda\u015fl\u0131\u011f\u0131n geni\u015fl\u0259nm\u0259si Az\u0259rbaycan il\u0259 Avropa aras\u0131nda strateji t\u0259r\u0259fda\u015fl\u0131\u011f\u0131n daha da m\u00f6hk\u0259ml\u0259nm\u0259sin\u0259 xidm\u0259t ed\u0259c\u0259k.<\/p>\n\n\n\n<p>Nurullayeva Zenfira \u0130slam q\u0131z\u0131<\/p>\n\n\n\n<p>Qara Qarayev ad\u0131na M\u0259rk\u0259zi \u0130nc\u0259s\u0259n\u0259t M\u0259kt\u0259binin xor&nbsp; ixtisas\u0131 \u00fczr\u0259 m\u00fc\u0259llimi, Az\u0259rbaycan Respublikas\u0131n\u0131n \u018fm\u0259kdar m\u00fc\u0259llimi<\/p>\n","protected":false},"excerpt":{"rendered":"<p>Az\u0259rbaycan il\u0259 Avropa \u0130ttifaq\u0131 \u015euras\u0131 aras\u0131nda m\u00fcnasib\u0259tl\u0259r \u00f6lk\u0259nin Avropa h\u00fcquqi v\u0259 siyasi m\u0259kan\u0131na inteqrasiyas\u0131nda m\u00fch\u00fcm rol oynay\u0131r. Bu \u0259m\u0259kda\u015fl\u0131q insan h\u00fcquqlar\u0131n\u0131n qorunmas\u0131, demokratik institutlar\u0131n inki\u015faf\u0131 v\u0259 h\u00fcquqi d\u00f6vl\u0259t prinsipl\u0259rinin m\u00f6hk\u0259ml\u0259ndirilm\u0259si istiqam\u0259tind\u0259 \u0259h\u0259miyy\u0259tli n\u0259tic\u0259l\u0259r verib. M\u00fcasir d\u00f6vrd\u0259 enerji t\u0259hl\u00fck\u0259sizliyi beyn\u0259lxalq m\u00fcnasib\u0259tl\u0259rin \u0259n m\u00fch\u00fcm istiqam\u0259tl\u0259rind\u0259n birin\u0259 \u00e7evrilmi\u015fdir. Enerji resurslar\u0131n\u0131n sabit v\u0259 etibarl\u0131 \u015f\u0259kild\u0259 t\u0259min olunmas\u0131 h\u0259m d\u00f6vl\u0259tl\u0259rin [&hellip;]<\/p>\n","protected":false},"author":1,"featured_media":4453,"comment_status":"open","ping_status":"open","sticky":false,"template":"","format":"standard","meta":{"footnotes":""},"categories":[7],"tags":[],"class_list":["post-4947","post","type-post","status-publish","format-standard","has-post-thumbnail","hentry","category-sosial"],"yoast_head":"<!-- This site is optimized with the Yoast SEO plugin v27.5 - https:\/\/yoast.com\/product\/yoast-seo-wordpress\/ -->\n<title>Avropa bazar\u0131n\u0131n Az\u0259rbaycan \u00fc\u00e7\u00fcn \u0259h\u0259miyy\u0259ti - YEN\u0130 TURANLA X\u018fB\u018fR VAXTI<\/title>\n<meta name=\"robots\" content=\"index, follow, max-snippet:-1, max-image-preview:large, max-video-preview:-1\" \/>\n<link rel=\"canonical\" href=\"https:\/\/yenituran.az\/?p=4947\" \/>\n<meta property=\"og:locale\" content=\"az_AZ\" \/>\n<meta property=\"og:type\" content=\"article\" \/>\n<meta property=\"og:title\" content=\"Avropa bazar\u0131n\u0131n Az\u0259rbaycan \u00fc\u00e7\u00fcn \u0259h\u0259miyy\u0259ti - YEN\u0130 TURANLA X\u018fB\u018fR VAXTI\" \/>\n<meta property=\"og:description\" content=\"Az\u0259rbaycan il\u0259 Avropa \u0130ttifaq\u0131 \u015euras\u0131 aras\u0131nda m\u00fcnasib\u0259tl\u0259r \u00f6lk\u0259nin Avropa h\u00fcquqi v\u0259 siyasi m\u0259kan\u0131na inteqrasiyas\u0131nda m\u00fch\u00fcm rol oynay\u0131r. Bu \u0259m\u0259kda\u015fl\u0131q insan h\u00fcquqlar\u0131n\u0131n qorunmas\u0131, demokratik institutlar\u0131n inki\u015faf\u0131 v\u0259 h\u00fcquqi d\u00f6vl\u0259t prinsipl\u0259rinin m\u00f6hk\u0259ml\u0259ndirilm\u0259si istiqam\u0259tind\u0259 \u0259h\u0259miyy\u0259tli n\u0259tic\u0259l\u0259r verib. M\u00fcasir d\u00f6vrd\u0259 enerji t\u0259hl\u00fck\u0259sizliyi beyn\u0259lxalq m\u00fcnasib\u0259tl\u0259rin \u0259n m\u00fch\u00fcm istiqam\u0259tl\u0259rind\u0259n birin\u0259 \u00e7evrilmi\u015fdir. Enerji resurslar\u0131n\u0131n sabit v\u0259 etibarl\u0131 \u015f\u0259kild\u0259 t\u0259min olunmas\u0131 h\u0259m d\u00f6vl\u0259tl\u0259rin [&hellip;]\" \/>\n<meta property=\"og:url\" content=\"https:\/\/yenituran.az\/?p=4947\" \/>\n<meta property=\"og:site_name\" content=\"YEN\u0130 TURANLA X\u018fB\u018fR VAXTI\" \/>\n<meta property=\"article:published_time\" content=\"2026-03-16T07:35:45+00:00\" \/>\n<meta property=\"article:modified_time\" content=\"2026-03-16T07:35:47+00:00\" \/>\n<meta property=\"og:image\" content=\"http:\/\/yenituran.az\/wp-content\/uploads\/2025\/11\/zenfira.jpg\" \/>\n\t<meta property=\"og:image:width\" content=\"620\" \/>\n\t<meta property=\"og:image:height\" content=\"400\" \/>\n\t<meta property=\"og:image:type\" content=\"image\/jpeg\" \/>\n<meta name=\"author\" content=\"Yenituran.az\" \/>\n<meta name=\"twitter:card\" content=\"summary_large_image\" \/>\n<meta name=\"twitter:label1\" content=\"Written by\" \/>\n\t<meta name=\"twitter:data1\" content=\"Yenituran.az\" \/>\n\t<meta name=\"twitter:label2\" content=\"Est. reading time\" \/>\n\t<meta name=\"twitter:data2\" content=\"5 minutes\" \/>\n<script type=\"application\/ld+json\" class=\"yoast-schema-graph\">{\"@context\":\"https:\\\/\\\/schema.org\",\"@graph\":[{\"@type\":\"Article\",\"@id\":\"https:\\\/\\\/yenituran.az\\\/?p=4947#article\",\"isPartOf\":{\"@id\":\"https:\\\/\\\/yenituran.az\\\/?p=4947\"},\"author\":{\"name\":\"Yenituran.az\",\"@id\":\"https:\\\/\\\/yenituran.az\\\/#\\\/schema\\\/person\\\/85472adb2acc776fbe2eec9981422a3d\"},\"headline\":\"Avropa bazar\u0131n\u0131n Az\u0259rbaycan \u00fc\u00e7\u00fcn \u0259h\u0259miyy\u0259ti\",\"datePublished\":\"2026-03-16T07:35:45+00:00\",\"dateModified\":\"2026-03-16T07:35:47+00:00\",\"mainEntityOfPage\":{\"@id\":\"https:\\\/\\\/yenituran.az\\\/?p=4947\"},\"wordCount\":1531,\"commentCount\":0,\"image\":{\"@id\":\"https:\\\/\\\/yenituran.az\\\/?p=4947#primaryimage\"},\"thumbnailUrl\":\"https:\\\/\\\/yenituran.az\\\/wp-content\\\/uploads\\\/2025\\\/11\\\/zenfira.jpg\",\"articleSection\":[\"SOS\u0130AL\"],\"inLanguage\":\"az\",\"potentialAction\":[{\"@type\":\"CommentAction\",\"name\":\"Comment\",\"target\":[\"https:\\\/\\\/yenituran.az\\\/?p=4947#respond\"]}]},{\"@type\":\"WebPage\",\"@id\":\"https:\\\/\\\/yenituran.az\\\/?p=4947\",\"url\":\"https:\\\/\\\/yenituran.az\\\/?p=4947\",\"name\":\"Avropa bazar\u0131n\u0131n Az\u0259rbaycan \u00fc\u00e7\u00fcn \u0259h\u0259miyy\u0259ti - YEN\u0130 TURANLA X\u018fB\u018fR VAXTI\",\"isPartOf\":{\"@id\":\"https:\\\/\\\/yenituran.az\\\/#website\"},\"primaryImageOfPage\":{\"@id\":\"https:\\\/\\\/yenituran.az\\\/?p=4947#primaryimage\"},\"image\":{\"@id\":\"https:\\\/\\\/yenituran.az\\\/?p=4947#primaryimage\"},\"thumbnailUrl\":\"https:\\\/\\\/yenituran.az\\\/wp-content\\\/uploads\\\/2025\\\/11\\\/zenfira.jpg\",\"datePublished\":\"2026-03-16T07:35:45+00:00\",\"dateModified\":\"2026-03-16T07:35:47+00:00\",\"author\":{\"@id\":\"https:\\\/\\\/yenituran.az\\\/#\\\/schema\\\/person\\\/85472adb2acc776fbe2eec9981422a3d\"},\"breadcrumb\":{\"@id\":\"https:\\\/\\\/yenituran.az\\\/?p=4947#breadcrumb\"},\"inLanguage\":\"az\",\"potentialAction\":[{\"@type\":\"ReadAction\",\"target\":[\"https:\\\/\\\/yenituran.az\\\/?p=4947\"]}]},{\"@type\":\"ImageObject\",\"inLanguage\":\"az\",\"@id\":\"https:\\\/\\\/yenituran.az\\\/?p=4947#primaryimage\",\"url\":\"https:\\\/\\\/yenituran.az\\\/wp-content\\\/uploads\\\/2025\\\/11\\\/zenfira.jpg\",\"contentUrl\":\"https:\\\/\\\/yenituran.az\\\/wp-content\\\/uploads\\\/2025\\\/11\\\/zenfira.jpg\",\"width\":620,\"height\":400},{\"@type\":\"BreadcrumbList\",\"@id\":\"https:\\\/\\\/yenituran.az\\\/?p=4947#breadcrumb\",\"itemListElement\":[{\"@type\":\"ListItem\",\"position\":1,\"name\":\"Home\",\"item\":\"https:\\\/\\\/yenituran.az\\\/\"},{\"@type\":\"ListItem\",\"position\":2,\"name\":\"Avropa bazar\u0131n\u0131n Az\u0259rbaycan \u00fc\u00e7\u00fcn \u0259h\u0259miyy\u0259ti\"}]},{\"@type\":\"WebSite\",\"@id\":\"https:\\\/\\\/yenituran.az\\\/#website\",\"url\":\"https:\\\/\\\/yenituran.az\\\/\",\"name\":\"\u27a1\ufe0f YEN\u0130 TURAN\",\"description\":\"\",\"potentialAction\":[{\"@type\":\"SearchAction\",\"target\":{\"@type\":\"EntryPoint\",\"urlTemplate\":\"https:\\\/\\\/yenituran.az\\\/?s={search_term_string}\"},\"query-input\":{\"@type\":\"PropertyValueSpecification\",\"valueRequired\":true,\"valueName\":\"search_term_string\"}}],\"inLanguage\":\"az\"},{\"@type\":\"Person\",\"@id\":\"https:\\\/\\\/yenituran.az\\\/#\\\/schema\\\/person\\\/85472adb2acc776fbe2eec9981422a3d\",\"name\":\"Yenituran.az\",\"image\":{\"@type\":\"ImageObject\",\"inLanguage\":\"az\",\"@id\":\"https:\\\/\\\/secure.gravatar.com\\\/avatar\\\/ed49ef122403fafb3d9b7a6a4d78864bef4e38936f58e590ddd58c0a034b37a9?s=96&d=mm&r=g\",\"url\":\"https:\\\/\\\/secure.gravatar.com\\\/avatar\\\/ed49ef122403fafb3d9b7a6a4d78864bef4e38936f58e590ddd58c0a034b37a9?s=96&d=mm&r=g\",\"contentUrl\":\"https:\\\/\\\/secure.gravatar.com\\\/avatar\\\/ed49ef122403fafb3d9b7a6a4d78864bef4e38936f58e590ddd58c0a034b37a9?s=96&d=mm&r=g\",\"caption\":\"Yenituran.az\"},\"sameAs\":[\"http:\\\/\\\/yenituran.az\"],\"url\":\"https:\\\/\\\/yenituran.az\\\/?author=1\"}]}<\/script>\n<!-- \/ Yoast SEO plugin. -->","yoast_head_json":{"title":"Avropa bazar\u0131n\u0131n Az\u0259rbaycan \u00fc\u00e7\u00fcn \u0259h\u0259miyy\u0259ti - YEN\u0130 TURANLA X\u018fB\u018fR VAXTI","robots":{"index":"index","follow":"follow","max-snippet":"max-snippet:-1","max-image-preview":"max-image-preview:large","max-video-preview":"max-video-preview:-1"},"canonical":"https:\/\/yenituran.az\/?p=4947","og_locale":"az_AZ","og_type":"article","og_title":"Avropa bazar\u0131n\u0131n Az\u0259rbaycan \u00fc\u00e7\u00fcn \u0259h\u0259miyy\u0259ti - YEN\u0130 TURANLA X\u018fB\u018fR VAXTI","og_description":"Az\u0259rbaycan il\u0259 Avropa \u0130ttifaq\u0131 \u015euras\u0131 aras\u0131nda m\u00fcnasib\u0259tl\u0259r \u00f6lk\u0259nin Avropa h\u00fcquqi v\u0259 siyasi m\u0259kan\u0131na inteqrasiyas\u0131nda m\u00fch\u00fcm rol oynay\u0131r. Bu \u0259m\u0259kda\u015fl\u0131q insan h\u00fcquqlar\u0131n\u0131n qorunmas\u0131, demokratik institutlar\u0131n inki\u015faf\u0131 v\u0259 h\u00fcquqi d\u00f6vl\u0259t prinsipl\u0259rinin m\u00f6hk\u0259ml\u0259ndirilm\u0259si istiqam\u0259tind\u0259 \u0259h\u0259miyy\u0259tli n\u0259tic\u0259l\u0259r verib. M\u00fcasir d\u00f6vrd\u0259 enerji t\u0259hl\u00fck\u0259sizliyi beyn\u0259lxalq m\u00fcnasib\u0259tl\u0259rin \u0259n m\u00fch\u00fcm istiqam\u0259tl\u0259rind\u0259n birin\u0259 \u00e7evrilmi\u015fdir. Enerji resurslar\u0131n\u0131n sabit v\u0259 etibarl\u0131 \u015f\u0259kild\u0259 t\u0259min olunmas\u0131 h\u0259m d\u00f6vl\u0259tl\u0259rin [&hellip;]","og_url":"https:\/\/yenituran.az\/?p=4947","og_site_name":"YEN\u0130 TURANLA X\u018fB\u018fR VAXTI","article_published_time":"2026-03-16T07:35:45+00:00","article_modified_time":"2026-03-16T07:35:47+00:00","og_image":[{"width":620,"height":400,"url":"http:\/\/yenituran.az\/wp-content\/uploads\/2025\/11\/zenfira.jpg","type":"image\/jpeg"}],"author":"Yenituran.az","twitter_card":"summary_large_image","twitter_misc":{"Written by":"Yenituran.az","Est. reading time":"5 minutes"},"schema":{"@context":"https:\/\/schema.org","@graph":[{"@type":"Article","@id":"https:\/\/yenituran.az\/?p=4947#article","isPartOf":{"@id":"https:\/\/yenituran.az\/?p=4947"},"author":{"name":"Yenituran.az","@id":"https:\/\/yenituran.az\/#\/schema\/person\/85472adb2acc776fbe2eec9981422a3d"},"headline":"Avropa bazar\u0131n\u0131n Az\u0259rbaycan \u00fc\u00e7\u00fcn \u0259h\u0259miyy\u0259ti","datePublished":"2026-03-16T07:35:45+00:00","dateModified":"2026-03-16T07:35:47+00:00","mainEntityOfPage":{"@id":"https:\/\/yenituran.az\/?p=4947"},"wordCount":1531,"commentCount":0,"image":{"@id":"https:\/\/yenituran.az\/?p=4947#primaryimage"},"thumbnailUrl":"https:\/\/yenituran.az\/wp-content\/uploads\/2025\/11\/zenfira.jpg","articleSection":["SOS\u0130AL"],"inLanguage":"az","potentialAction":[{"@type":"CommentAction","name":"Comment","target":["https:\/\/yenituran.az\/?p=4947#respond"]}]},{"@type":"WebPage","@id":"https:\/\/yenituran.az\/?p=4947","url":"https:\/\/yenituran.az\/?p=4947","name":"Avropa bazar\u0131n\u0131n Az\u0259rbaycan \u00fc\u00e7\u00fcn \u0259h\u0259miyy\u0259ti - YEN\u0130 TURANLA X\u018fB\u018fR VAXTI","isPartOf":{"@id":"https:\/\/yenituran.az\/#website"},"primaryImageOfPage":{"@id":"https:\/\/yenituran.az\/?p=4947#primaryimage"},"image":{"@id":"https:\/\/yenituran.az\/?p=4947#primaryimage"},"thumbnailUrl":"https:\/\/yenituran.az\/wp-content\/uploads\/2025\/11\/zenfira.jpg","datePublished":"2026-03-16T07:35:45+00:00","dateModified":"2026-03-16T07:35:47+00:00","author":{"@id":"https:\/\/yenituran.az\/#\/schema\/person\/85472adb2acc776fbe2eec9981422a3d"},"breadcrumb":{"@id":"https:\/\/yenituran.az\/?p=4947#breadcrumb"},"inLanguage":"az","potentialAction":[{"@type":"ReadAction","target":["https:\/\/yenituran.az\/?p=4947"]}]},{"@type":"ImageObject","inLanguage":"az","@id":"https:\/\/yenituran.az\/?p=4947#primaryimage","url":"https:\/\/yenituran.az\/wp-content\/uploads\/2025\/11\/zenfira.jpg","contentUrl":"https:\/\/yenituran.az\/wp-content\/uploads\/2025\/11\/zenfira.jpg","width":620,"height":400},{"@type":"BreadcrumbList","@id":"https:\/\/yenituran.az\/?p=4947#breadcrumb","itemListElement":[{"@type":"ListItem","position":1,"name":"Home","item":"https:\/\/yenituran.az\/"},{"@type":"ListItem","position":2,"name":"Avropa bazar\u0131n\u0131n Az\u0259rbaycan \u00fc\u00e7\u00fcn \u0259h\u0259miyy\u0259ti"}]},{"@type":"WebSite","@id":"https:\/\/yenituran.az\/#website","url":"https:\/\/yenituran.az\/","name":"\u27a1\ufe0f YEN\u0130 TURAN","description":"","potentialAction":[{"@type":"SearchAction","target":{"@type":"EntryPoint","urlTemplate":"https:\/\/yenituran.az\/?s={search_term_string}"},"query-input":{"@type":"PropertyValueSpecification","valueRequired":true,"valueName":"search_term_string"}}],"inLanguage":"az"},{"@type":"Person","@id":"https:\/\/yenituran.az\/#\/schema\/person\/85472adb2acc776fbe2eec9981422a3d","name":"Yenituran.az","image":{"@type":"ImageObject","inLanguage":"az","@id":"https:\/\/secure.gravatar.com\/avatar\/ed49ef122403fafb3d9b7a6a4d78864bef4e38936f58e590ddd58c0a034b37a9?s=96&d=mm&r=g","url":"https:\/\/secure.gravatar.com\/avatar\/ed49ef122403fafb3d9b7a6a4d78864bef4e38936f58e590ddd58c0a034b37a9?s=96&d=mm&r=g","contentUrl":"https:\/\/secure.gravatar.com\/avatar\/ed49ef122403fafb3d9b7a6a4d78864bef4e38936f58e590ddd58c0a034b37a9?s=96&d=mm&r=g","caption":"Yenituran.az"},"sameAs":["http:\/\/yenituran.az"],"url":"https:\/\/yenituran.az\/?author=1"}]}},"_links":{"self":[{"href":"https:\/\/yenituran.az\/index.php?rest_route=\/wp\/v2\/posts\/4947","targetHints":{"allow":["GET"]}}],"collection":[{"href":"https:\/\/yenituran.az\/index.php?rest_route=\/wp\/v2\/posts"}],"about":[{"href":"https:\/\/yenituran.az\/index.php?rest_route=\/wp\/v2\/types\/post"}],"author":[{"embeddable":true,"href":"https:\/\/yenituran.az\/index.php?rest_route=\/wp\/v2\/users\/1"}],"replies":[{"embeddable":true,"href":"https:\/\/yenituran.az\/index.php?rest_route=%2Fwp%2Fv2%2Fcomments&post=4947"}],"version-history":[{"count":1,"href":"https:\/\/yenituran.az\/index.php?rest_route=\/wp\/v2\/posts\/4947\/revisions"}],"predecessor-version":[{"id":4948,"href":"https:\/\/yenituran.az\/index.php?rest_route=\/wp\/v2\/posts\/4947\/revisions\/4948"}],"wp:featuredmedia":[{"embeddable":true,"href":"https:\/\/yenituran.az\/index.php?rest_route=\/wp\/v2\/media\/4453"}],"wp:attachment":[{"href":"https:\/\/yenituran.az\/index.php?rest_route=%2Fwp%2Fv2%2Fmedia&parent=4947"}],"wp:term":[{"taxonomy":"category","embeddable":true,"href":"https:\/\/yenituran.az\/index.php?rest_route=%2Fwp%2Fv2%2Fcategories&post=4947"},{"taxonomy":"post_tag","embeddable":true,"href":"https:\/\/yenituran.az\/index.php?rest_route=%2Fwp%2Fv2%2Ftags&post=4947"}],"curies":[{"name":"wp","href":"https:\/\/api.w.org\/{rel}","templated":true}]}}