{"id":4945,"date":"2026-03-16T11:32:49","date_gmt":"2026-03-16T07:32:49","guid":{"rendered":"https:\/\/yenituran.az\/?p=4945"},"modified":"2026-03-16T11:32:50","modified_gmt":"2026-03-16T07:32:50","slug":"az%c9%99rbaycan-avropa-ittifaqi-surasi-%c9%99laq%c9%99l%c9%99ri-yeni-m%c9%99rh%c9%99l%c9%99d%c9%99","status":"publish","type":"post","link":"https:\/\/yenituran.az\/?p=4945","title":{"rendered":"Az\u0259rbaycan\u2013 Avropa \u0130ttifaq\u0131 \u015euras\u0131 \u0259laq\u0259l\u0259ri yeni m\u0259rh\u0259l\u0259d\u0259"},"content":{"rendered":"\n<p>Az\u0259rbaycan\u0131n beyn\u0259lxalq t\u0259\u015fkilatlarla \u0259m\u0259kda\u015fl\u0131\u011f\u0131 \u00f6lk\u0259nin siyasi, h\u00fcquqi v\u0259 institusional inki\u015faf\u0131nda m\u00fch\u00fcm rol oynay\u0131r. Bu bax\u0131mdan Az\u0259rbaycan il\u0259 Avropa \u015euras\u0131 aras\u0131nda m\u00fcnasib\u0259tl\u0259r x\u00fcsusi \u0259h\u0259miyy\u0259t k\u0259sb edir. Avropa \u015euras\u0131 Avropa qit\u0259sind\u0259 insan h\u00fcquqlar\u0131n\u0131n qorunmas\u0131, demokratik idar\u0259etm\u0259nin inki\u015faf\u0131 v\u0259 qanunun aliliyinin t\u0259min olunmas\u0131 istiqam\u0259tind\u0259 f\u0259aliyy\u0259t g\u00f6st\u0259r\u0259n \u0259n n\u00fcfuzlu beyn\u0259lxalq t\u0259\u015fkilatlardan biridir. Avropa \u015euras\u0131 1949-cu ild\u0259 Avropada demokratiyan\u0131n v\u0259 insan h\u00fcquqlar\u0131n\u0131n qorunmas\u0131n\u0131 g\u00fccl\u0259ndirm\u0259k m\u0259qs\u0259dil\u0259 yarad\u0131lm\u0131\u015fd\u0131r. T\u0259\u015fkilat\u0131n \u0259sas missiyas\u0131 insan h\u00fcquqlar\u0131n\u0131n m\u00fcdafi\u0259si, pl\u00fcralist demokratiyan\u0131n t\u0259\u015fviqi v\u0259 h\u00fcquqi d\u00f6vl\u0259t prinsipl\u0259rinin m\u00f6hk\u0259ml\u0259ndirilm\u0259sidir. Bu m\u0259qs\u0259dl\u0259r Avropa \u00f6lk\u0259l\u0259ri aras\u0131nda \u0259m\u0259kda\u015fl\u0131\u011f\u0131 geni\u015fl\u0259ndirm\u0259kl\u0259 yana\u015f\u0131, qit\u0259d\u0259 sabitliyin v\u0259 t\u0259hl\u00fck\u0259sizliyin t\u0259min edilm\u0259sin\u0259 d\u0259 xidm\u0259t edir. Avropa \u015euras\u0131n\u0131n f\u0259aliyy\u0259ti m\u00fcxt\u0259lif istiqam\u0259tl\u0259ri \u0259hat\u0259 edir. Bunlara insan h\u00fcquqlar\u0131n\u0131n m\u00fcdafi\u0259si, demokratik institutlar\u0131n inki\u015faf\u0131, qanunun aliliyinin t\u0259min edilm\u0259si v\u0259 h\u00fcquqi islahatlar\u0131n t\u0259\u015fviqi daxildir. Eyni zamanda t\u0259\u015fkilat Avropan\u0131n m\u0259d\u0259ni m\u00fcxt\u0259lifliyinin qorunmas\u0131na, tolerantl\u0131\u011f\u0131n t\u0259\u015fviqin\u0259 v\u0259 xalqlar aras\u0131nda qar\u015f\u0131l\u0131ql\u0131 anla\u015fman\u0131n g\u00fccl\u0259ndirilm\u0259sin\u0259 x\u00fcsusi diqq\u0259t yetirir.<\/p>\n\n\n\n<p>Az\u0259rbaycan Avropa strukturlar\u0131 il\u0259 \u0259m\u0259kda\u015fl\u0131\u011fa m\u00fcst\u0259qillik \u0259ld\u0259 etdikd\u0259n sonra x\u00fcsusi \u00f6n\u0259m verm\u0259y\u0259 ba\u015flam\u0131\u015fd\u0131r. Bu istiqam\u0259td\u0259 m\u00fch\u00fcm add\u0131mlardan biri Az\u0259rbaycan\u0131n 2001-ci ild\u0259 Avropa \u015euras\u0131n\u0131n tamh\u00fcquqlu \u00fczv q\u0259bul olunmas\u0131 olmu\u015fdur. Bu \u00fczvl\u00fck Az\u0259rbaycan\u0131n Avropa h\u00fcquqi v\u0259 siyasi m\u0259kan\u0131na inteqrasiyas\u0131n\u0131 s\u00fcr\u0259tl\u0259ndirmi\u015f, \u00f6lk\u0259d\u0259 demokratik institutlar\u0131n inki\u015faf\u0131na v\u0259 qanunvericilik sisteminin t\u0259kmill\u0259\u015fdirilm\u0259sin\u0259 m\u00fch\u00fcm t\u00f6hf\u0259 vermi\u015fdir. \u00dczvl\u00fckd\u0259n sonra Az\u0259rbaycan Avropa \u015euras\u0131n\u0131n bir s\u0131ra m\u00fch\u00fcm konvensiyalar\u0131na qo\u015fulmu\u015f v\u0259 milli qanunvericiliyin Avropa standartlar\u0131na uy\u011funla\u015fd\u0131r\u0131lmas\u0131 istiqam\u0259tind\u0259 geni\u015f islahatlar h\u0259yata ke\u00e7irmi\u015fdir. Bu proses h\u00fcquq sisteminin modernl\u0259\u015fdirilm\u0259si, m\u0259hk\u0259m\u0259-h\u00fcquq islahatlar\u0131n\u0131n apar\u0131lmas\u0131 v\u0259 insan h\u00fcquqlar\u0131n\u0131n m\u00fcdafi\u0259si mexanizml\u0259rinin g\u00fccl\u0259ndirilm\u0259si bax\u0131m\u0131ndan \u0259h\u0259miyy\u0259tli olmu\u015fdur.<\/p>\n\n\n\n<p>2026-c\u0131 il mart\u0131n 11-d\u0259 Az\u0259rbaycan\u0131n paytaxt\u0131 Bak\u0131 m\u00fch\u00fcm diplomatik g\u00f6r\u00fc\u015fl\u0259r\u0259 ev sahibliyi etdi. H\u0259min g\u00fcn \u0130lham \u018fliyev Avropa \u0130ttifaq\u0131 \u015euras\u0131n\u0131n Prezidenti Antonio Costa il\u0259 g\u00f6r\u00fc\u015f ke\u00e7ir\u0259r\u0259k Az\u0259rbaycan\u2013Avropa \u0130ttifaq\u0131 m\u00fcnasib\u0259tl\u0259rinin haz\u0131rk\u0131 v\u0259ziyy\u0259ti v\u0259 g\u0259l\u0259c\u0259k perspektivl\u0259ri bar\u0259d\u0259 m\u00fch\u00fcm b\u0259yanat verdi. Bu s\u0259f\u0259r iki t\u0259r\u0259f aras\u0131nda siyasi dialoqun v\u0259 strateji t\u0259r\u0259fda\u015fl\u0131\u011f\u0131n daha da m\u00f6hk\u0259ml\u0259ndirilm\u0259si bax\u0131m\u0131ndan x\u00fcsusi \u0259h\u0259miyy\u0259t da\u015f\u0131y\u0131r. Prezident \u0130lham \u018fliyev \u00e7\u0131x\u0131\u015f\u0131nda vur\u011fulad\u0131 ki, Az\u0259rbaycan il\u0259 European Union aras\u0131nda m\u00fcnasib\u0259tl\u0259r haz\u0131rda f\u0259al inki\u015faf m\u0259rh\u0259l\u0259sind\u0259dir. D\u00f6vl\u0259t ba\u015f\u00e7\u0131s\u0131 Antonio Ko\u015ftan\u0131n s\u0259f\u0259rin\u0259 b\u00f6y\u00fck \u00f6n\u0259m verildiyini qeyd ed\u0259r\u0259k bildirdi ki, bu g\u00f6r\u00fc\u015f ikit\u0259r\u0259fli \u0259laq\u0259l\u0259rin daha da geni\u015fl\u0259nm\u0259sin\u0259 m\u00fch\u00fcm t\u00f6hf\u0259 ver\u0259c\u0259k. Onun s\u00f6zl\u0259rin\u0259 g\u00f6r\u0259, t\u0259r\u0259fl\u0259r aras\u0131nda m\u00fcxt\u0259lif s\u0259viyy\u0259l\u0259rd\u0259 aktiv dialoq m\u00f6vcuddur v\u0259 bu dialoq siyasi, iqtisadi v\u0259 enerji sah\u0259l\u0259rind\u0259 \u0259m\u0259kda\u015fl\u0131\u011f\u0131n daha da d\u0259rinl\u0259\u015fm\u0259sin\u0259 xidm\u0259t edir.<\/p>\n\n\n\n<p>Prezident \u0130lham \u018fliyev qeyd etdi ki, son d\u00f6vrl\u0259rd\u0259 Avropa Komissiyas\u0131n\u0131n n\u00fcmay\u0259nd\u0259l\u0259ri Az\u0259rbaycana d\u0259f\u0259l\u0259rl\u0259 s\u0259f\u0259r edibl\u0259r. Bu is\u0259 g\u00f6st\u0259rir ki, t\u0259r\u0259fl\u0259r aras\u0131nda qar\u015f\u0131l\u0131ql\u0131 maraqlara \u0259saslanan davaml\u0131 siyasi dialoq formala\u015f\u0131b. Bu dialoq t\u0259kc\u0259 h\u00f6kum\u0259tl\u0259raras\u0131 m\u00fcnasib\u0259tl\u0259rl\u0259 m\u0259hdudla\u015fm\u0131r, h\u0259m d\u0259 iqtisadi qurumlar, investisiya institutlar\u0131 v\u0259 enerji \u015firk\u0259tl\u0259ri aras\u0131nda \u0259m\u0259kda\u015fl\u0131\u011f\u0131 da \u0259hat\u0259 edir. Bu bax\u0131mdan, Antonio Ko\u015ftan\u0131n Bak\u0131ya s\u0259f\u0259ri iki t\u0259r\u0259f aras\u0131nda m\u00fcnasib\u0259tl\u0259rin yeni m\u0259rh\u0259l\u0259y\u0259 ke\u00e7m\u0259sinin g\u00f6st\u0259ricisi kimi qiym\u0259tl\u0259ndirilir. Ekspertl\u0259rin fikrinc\u0259, Avropa \u0130ttifaq\u0131n\u0131n C\u0259nubi Qafqaz regionunda f\u0259all\u0131\u011f\u0131n\u0131n artmas\u0131 Az\u0259rbaycan\u0131n geosiyasi v\u0259 iqtisadi \u0259h\u0259miyy\u0259tini daha da art\u0131r\u0131r.<\/p>\n\n\n\n<p>&nbsp;Prezident \u0130lham \u018fliyevin \u00e7\u0131x\u0131\u015f\u0131nda x\u00fcsusi diqq\u0259t \u00e7\u0259k\u0259n m\u0259qamlardan biri d\u0259 iqtisadi g\u00f6st\u0259ricil\u0259r oldu. D\u00f6vl\u0259t ba\u015f\u00e7\u0131s\u0131 bildirdi ki, 2026-c\u0131 ilin yanvar ay\u0131nda Az\u0259rbaycan\u0131n \u00fcmumi ticar\u0259t d\u00f6vriyy\u0259sinin 50 faizi Avropa \u0130ttifaq\u0131 il\u0259 ba\u011fl\u0131 olub. Bu fakt g\u00f6st\u0259rir ki, Avropa \u0130ttifaq\u0131 Az\u0259rbaycan \u00fc\u00e7\u00fcn \u0259sas ticar\u0259t t\u0259r\u0259fda\u015f\u0131 statusunu qoruyub saxlay\u0131r. Do\u011frudur, \u0259vv\u0259lki ill\u0259 m\u00fcqayis\u0259d\u0259 ticar\u0259t d\u00f6vriyy\u0259sind\u0259 m\u00fc\u0259yy\u0259n azalma m\u00fc\u015fahid\u0259 olunub. Lakin buna baxmayaraq, Avropa bazar\u0131 Az\u0259rbaycan \u00fc\u00e7\u00fcn \u0259n b\u00f6y\u00fck ixrac istiqam\u0259ti olaraq qal\u0131r. X\u00fcsusil\u0259 enerji m\u0259hsullar\u0131, neft v\u0259 qaz ixrac\u0131 bu \u0259m\u0259kda\u015fl\u0131\u011f\u0131n \u0259sas hiss\u0259sini t\u0259\u015fkil edir.<\/p>\n\n\n\n<p>&nbsp;Prezident \u0130lham \u018fliyev qeyd edib ki, yax\u0131n g\u0259l\u0259c\u0259kd\u0259 yeni iqtisadi layih\u0259l\u0259rin h\u0259yata ke\u00e7irilm\u0259si v\u0259 qar\u015f\u0131l\u0131ql\u0131 investisiyalar\u0131n art\u0131r\u0131lmas\u0131 n\u0259tic\u0259sind\u0259 ticar\u0259t d\u00f6vriyy\u0259si daha da artacaq. Maraql\u0131 m\u0259qamlardan biri d\u0259 odur ki, Az\u0259rbaycan art\u0131q t\u0259kc\u0259 investisiya q\u0259bul ed\u0259n \u00f6lk\u0259 deyil, eyni zamanda Avropada f\u0259al \u015f\u0259kild\u0259 s\u0259rmay\u0259 yat\u0131ran t\u0259r\u0259f kimi \u00e7\u0131x\u0131\u015f edir.<\/p>\n\n\n\n<p>Az\u0259rbaycan\u2013Avropa \u0130ttifaq\u0131 m\u00fcnasib\u0259tl\u0259rinin \u0259n m\u00fch\u00fcm istiqam\u0259tl\u0259rind\u0259n biri enerji sah\u0259sind\u0259 \u0259m\u0259kda\u015fl\u0131qd\u0131r. Prezident \u0130lham \u018fliyev vur\u011fulad\u0131 ki, enerji \u0259m\u0259kda\u015fl\u0131\u011f\u0131 t\u0259r\u0259fda\u015fl\u0131\u011f\u0131n \u0259sas s\u00fctunlar\u0131ndan biri olub v\u0259 g\u0259l\u0259c\u0259kd\u0259 d\u0259 bel\u0259 qalacaq. Bu \u0259m\u0259kda\u015fl\u0131q x\u00fcsusil\u0259 2022-ci ild\u0259 Az\u0259rbaycan il\u0259 European Commission aras\u0131nda imzalanm\u0131\u015f \u201cEnerji sah\u0259sind\u0259 Strateji T\u0259r\u0259fda\u015fl\u0131q haqq\u0131nda Anla\u015fma Memorandumu\u201dndan sonra daha da g\u00fccl\u0259nib. H\u0259min s\u0259n\u0259d Avropan\u0131n enerji t\u0259hl\u00fck\u0259sizliyinin t\u0259min edilm\u0259sind\u0259 Az\u0259rbaycan\u0131n rolunu daha da art\u0131r\u0131b. Az\u0259rbaycan\u0131n Avropaya qaz ixrac\u0131 \u0259sas\u0259n Southern Gas Corridor vasit\u0259sil\u0259 h\u0259yata ke\u00e7irilir. Bu layih\u0259 X\u0259z\u0259r regionunun enerji resurslar\u0131n\u0131n Avropa bazar\u0131na \u00e7atd\u0131r\u0131lmas\u0131n\u0131 t\u0259min ed\u0259n strateji enerji d\u0259hlizi kimi b\u00f6y\u00fck \u0259h\u0259miyy\u0259t da\u015f\u0131y\u0131r.<\/p>\n\n\n\n<p>Son ill\u0259rd\u0259 Avropa \u00f6lk\u0259l\u0259ri enerji m\u0259nb\u0259l\u0259rinin \u015fax\u0259l\u0259ndirilm\u0259sin\u0259 x\u00fcsusi diqq\u0259t yetirdiyi \u00fc\u00e7\u00fcn Az\u0259rbaycan etibarl\u0131 enerji t\u0259r\u0259fda\u015f\u0131 kimi daha da \u00f6n plana \u00e7\u0131x\u0131b. Prezident \u0130lham \u018fliyev \u00e7\u0131x\u0131\u015f\u0131nda vur\u011fulad\u0131 ki, t\u0259r\u0259fl\u0259r aras\u0131nda yeni iqtisadi layih\u0259l\u0259rin h\u0259yata ke\u00e7irilm\u0259si \u00fc\u00e7\u00fcn geni\u015f potensial m\u00f6vcuddur. Az\u0259rbaycan\u0131n strateji co\u011frafi m\u00f6vqeyi, z\u0259ngin enerji resurslar\u0131 v\u0259 inki\u015faf ed\u0259n n\u0259qliyyat infrastrukturu Avropa \u015firk\u0259tl\u0259ri \u00fc\u00e7\u00fcn c\u0259lbedici imkanlar yarad\u0131r. Eyni zamanda Az\u0259rbaycan da Avropa bazar\u0131na investisiya yat\u0131rmaqla iqtisadi \u0259laq\u0259l\u0259rin balansl\u0131 inki\u015faf\u0131na t\u00f6hf\u0259 verir. Bu qar\u015f\u0131l\u0131ql\u0131 investisiya ax\u0131n\u0131 t\u0259r\u0259fda\u015fl\u0131\u011f\u0131n daha davaml\u0131 v\u0259 uzunm\u00fcdd\u0259tli olmas\u0131n\u0131 t\u0259min edir.<\/p>\n\n\n\n<p>Avropa \u0130ttifaq\u0131 \u015euras\u0131n\u0131n Prezidenti Antonio Ko\u015ftan\u0131n Az\u0259rbaycana s\u0259f\u0259ri iki t\u0259r\u0259f aras\u0131nda strateji t\u0259r\u0259fda\u015fl\u0131\u011f\u0131n m\u00f6hk\u0259ml\u0259nm\u0259sinin n\u00f6vb\u0259ti m\u0259rh\u0259l\u0259si kimi qiym\u0259tl\u0259ndiril\u0259 bil\u0259r. Prezident \u0130lham \u018fliyevin b\u0259yanat\u0131 g\u00f6st\u0259rir ki, Az\u0259rbaycan\u2013Avropa \u0130ttifaq\u0131 m\u00fcnasib\u0259tl\u0259ri siyasi dialoq, iqtisadi \u0259m\u0259kda\u015fl\u0131q v\u0259 enerji t\u0259hl\u00fck\u0259sizliyi kimi sah\u0259l\u0259rd\u0259 dinamik \u015f\u0259kild\u0259 inki\u015faf edir. M\u00f6vcud g\u00f6st\u0259ricil\u0259r v\u0259 g\u0259l\u0259c\u0259k planlar onu dem\u0259y\u0259 \u0259sas verir ki, Az\u0259rbaycan il\u0259 Avropa \u0130ttifaq\u0131 aras\u0131nda \u0259m\u0259kda\u015fl\u0131q yax\u0131n ill\u0259rd\u0259 daha da geni\u015fl\u0259n\u0259c\u0259k v\u0259 bu t\u0259r\u0259fda\u015fl\u0131q h\u0259m regional sabitlik, h\u0259m d\u0259 iqtisadi inki\u015faf bax\u0131m\u0131ndan m\u00fch\u00fcm rol oynayacaq.<\/p>\n\n\n\n<p>K.Y.F\u0259r\u0259cova ad\u0131na Elmi-T\u0259dqiqat Pediatriya \u0130nstitutunun PH\u015e-nin U\u015faq B\u0259rpa M\u0259rk\u0259zinin T\u0259s\u0259rr\u00fcfat b\u00f6lm\u0259 m\u00fcdiri A\u011fayev N\u0259bi Baba o\u011flu<\/p>\n","protected":false},"excerpt":{"rendered":"<p>Az\u0259rbaycan\u0131n beyn\u0259lxalq t\u0259\u015fkilatlarla \u0259m\u0259kda\u015fl\u0131\u011f\u0131 \u00f6lk\u0259nin siyasi, h\u00fcquqi v\u0259 institusional inki\u015faf\u0131nda m\u00fch\u00fcm rol oynay\u0131r. Bu bax\u0131mdan Az\u0259rbaycan il\u0259 Avropa \u015euras\u0131 aras\u0131nda m\u00fcnasib\u0259tl\u0259r x\u00fcsusi \u0259h\u0259miyy\u0259t k\u0259sb edir. Avropa \u015euras\u0131 Avropa qit\u0259sind\u0259 insan h\u00fcquqlar\u0131n\u0131n qorunmas\u0131, demokratik idar\u0259etm\u0259nin inki\u015faf\u0131 v\u0259 qanunun aliliyinin t\u0259min olunmas\u0131 istiqam\u0259tind\u0259 f\u0259aliyy\u0259t g\u00f6st\u0259r\u0259n \u0259n n\u00fcfuzlu beyn\u0259lxalq t\u0259\u015fkilatlardan biridir. Avropa \u015euras\u0131 1949-cu ild\u0259 Avropada demokratiyan\u0131n v\u0259 [&hellip;]<\/p>\n","protected":false},"author":1,"featured_media":4457,"comment_status":"open","ping_status":"open","sticky":false,"template":"","format":"standard","meta":{"footnotes":""},"categories":[17],"tags":[],"class_list":["post-4945","post","type-post","status-publish","format-standard","has-post-thumbnail","hentry","category-meqale"],"yoast_head":"<!-- This site is optimized with the Yoast SEO plugin v27.5 - https:\/\/yoast.com\/product\/yoast-seo-wordpress\/ -->\n<title>Az\u0259rbaycan\u2013 Avropa \u0130ttifaq\u0131 \u015euras\u0131 \u0259laq\u0259l\u0259ri yeni m\u0259rh\u0259l\u0259d\u0259 - YEN\u0130 TURANLA X\u018fB\u018fR VAXTI<\/title>\n<meta name=\"robots\" content=\"index, follow, max-snippet:-1, max-image-preview:large, max-video-preview:-1\" \/>\n<link rel=\"canonical\" href=\"https:\/\/yenituran.az\/?p=4945\" \/>\n<meta property=\"og:locale\" content=\"az_AZ\" \/>\n<meta property=\"og:type\" content=\"article\" \/>\n<meta property=\"og:title\" content=\"Az\u0259rbaycan\u2013 Avropa \u0130ttifaq\u0131 \u015euras\u0131 \u0259laq\u0259l\u0259ri yeni m\u0259rh\u0259l\u0259d\u0259 - YEN\u0130 TURANLA X\u018fB\u018fR VAXTI\" \/>\n<meta property=\"og:description\" content=\"Az\u0259rbaycan\u0131n beyn\u0259lxalq t\u0259\u015fkilatlarla \u0259m\u0259kda\u015fl\u0131\u011f\u0131 \u00f6lk\u0259nin siyasi, h\u00fcquqi v\u0259 institusional inki\u015faf\u0131nda m\u00fch\u00fcm rol oynay\u0131r. Bu bax\u0131mdan Az\u0259rbaycan il\u0259 Avropa \u015euras\u0131 aras\u0131nda m\u00fcnasib\u0259tl\u0259r x\u00fcsusi \u0259h\u0259miyy\u0259t k\u0259sb edir. Avropa \u015euras\u0131 Avropa qit\u0259sind\u0259 insan h\u00fcquqlar\u0131n\u0131n qorunmas\u0131, demokratik idar\u0259etm\u0259nin inki\u015faf\u0131 v\u0259 qanunun aliliyinin t\u0259min olunmas\u0131 istiqam\u0259tind\u0259 f\u0259aliyy\u0259t g\u00f6st\u0259r\u0259n \u0259n n\u00fcfuzlu beyn\u0259lxalq t\u0259\u015fkilatlardan biridir. Avropa \u015euras\u0131 1949-cu ild\u0259 Avropada demokratiyan\u0131n v\u0259 [&hellip;]\" \/>\n<meta property=\"og:url\" content=\"https:\/\/yenituran.az\/?p=4945\" \/>\n<meta property=\"og:site_name\" content=\"YEN\u0130 TURANLA X\u018fB\u018fR VAXTI\" \/>\n<meta property=\"article:published_time\" content=\"2026-03-16T07:32:49+00:00\" \/>\n<meta property=\"article:modified_time\" content=\"2026-03-16T07:32:50+00:00\" \/>\n<meta property=\"og:image\" content=\"http:\/\/yenituran.az\/wp-content\/uploads\/2025\/11\/nebi.jpg\" \/>\n\t<meta property=\"og:image:width\" content=\"600\" \/>\n\t<meta property=\"og:image:height\" content=\"387\" \/>\n\t<meta property=\"og:image:type\" content=\"image\/jpeg\" \/>\n<meta name=\"author\" content=\"Yenituran.az\" \/>\n<meta name=\"twitter:card\" content=\"summary_large_image\" \/>\n<meta name=\"twitter:label1\" content=\"Written by\" \/>\n\t<meta name=\"twitter:data1\" content=\"Yenituran.az\" \/>\n\t<meta name=\"twitter:label2\" content=\"Est. reading time\" \/>\n\t<meta name=\"twitter:data2\" content=\"5 minutes\" \/>\n<script type=\"application\/ld+json\" class=\"yoast-schema-graph\">{\"@context\":\"https:\\\/\\\/schema.org\",\"@graph\":[{\"@type\":\"Article\",\"@id\":\"https:\\\/\\\/yenituran.az\\\/?p=4945#article\",\"isPartOf\":{\"@id\":\"https:\\\/\\\/yenituran.az\\\/?p=4945\"},\"author\":{\"name\":\"Yenituran.az\",\"@id\":\"https:\\\/\\\/yenituran.az\\\/#\\\/schema\\\/person\\\/85472adb2acc776fbe2eec9981422a3d\"},\"headline\":\"Az\u0259rbaycan\u2013 Avropa \u0130ttifaq\u0131 \u015euras\u0131 \u0259laq\u0259l\u0259ri yeni m\u0259rh\u0259l\u0259d\u0259\",\"datePublished\":\"2026-03-16T07:32:49+00:00\",\"dateModified\":\"2026-03-16T07:32:50+00:00\",\"mainEntityOfPage\":{\"@id\":\"https:\\\/\\\/yenituran.az\\\/?p=4945\"},\"wordCount\":1535,\"commentCount\":0,\"image\":{\"@id\":\"https:\\\/\\\/yenituran.az\\\/?p=4945#primaryimage\"},\"thumbnailUrl\":\"https:\\\/\\\/yenituran.az\\\/wp-content\\\/uploads\\\/2025\\\/11\\\/nebi.jpg\",\"articleSection\":[\"M\u018fQAL\u018f\"],\"inLanguage\":\"az\",\"potentialAction\":[{\"@type\":\"CommentAction\",\"name\":\"Comment\",\"target\":[\"https:\\\/\\\/yenituran.az\\\/?p=4945#respond\"]}]},{\"@type\":\"WebPage\",\"@id\":\"https:\\\/\\\/yenituran.az\\\/?p=4945\",\"url\":\"https:\\\/\\\/yenituran.az\\\/?p=4945\",\"name\":\"Az\u0259rbaycan\u2013 Avropa \u0130ttifaq\u0131 \u015euras\u0131 \u0259laq\u0259l\u0259ri yeni m\u0259rh\u0259l\u0259d\u0259 - YEN\u0130 TURANLA X\u018fB\u018fR VAXTI\",\"isPartOf\":{\"@id\":\"https:\\\/\\\/yenituran.az\\\/#website\"},\"primaryImageOfPage\":{\"@id\":\"https:\\\/\\\/yenituran.az\\\/?p=4945#primaryimage\"},\"image\":{\"@id\":\"https:\\\/\\\/yenituran.az\\\/?p=4945#primaryimage\"},\"thumbnailUrl\":\"https:\\\/\\\/yenituran.az\\\/wp-content\\\/uploads\\\/2025\\\/11\\\/nebi.jpg\",\"datePublished\":\"2026-03-16T07:32:49+00:00\",\"dateModified\":\"2026-03-16T07:32:50+00:00\",\"author\":{\"@id\":\"https:\\\/\\\/yenituran.az\\\/#\\\/schema\\\/person\\\/85472adb2acc776fbe2eec9981422a3d\"},\"breadcrumb\":{\"@id\":\"https:\\\/\\\/yenituran.az\\\/?p=4945#breadcrumb\"},\"inLanguage\":\"az\",\"potentialAction\":[{\"@type\":\"ReadAction\",\"target\":[\"https:\\\/\\\/yenituran.az\\\/?p=4945\"]}]},{\"@type\":\"ImageObject\",\"inLanguage\":\"az\",\"@id\":\"https:\\\/\\\/yenituran.az\\\/?p=4945#primaryimage\",\"url\":\"https:\\\/\\\/yenituran.az\\\/wp-content\\\/uploads\\\/2025\\\/11\\\/nebi.jpg\",\"contentUrl\":\"https:\\\/\\\/yenituran.az\\\/wp-content\\\/uploads\\\/2025\\\/11\\\/nebi.jpg\",\"width\":600,\"height\":387},{\"@type\":\"BreadcrumbList\",\"@id\":\"https:\\\/\\\/yenituran.az\\\/?p=4945#breadcrumb\",\"itemListElement\":[{\"@type\":\"ListItem\",\"position\":1,\"name\":\"Home\",\"item\":\"https:\\\/\\\/yenituran.az\\\/\"},{\"@type\":\"ListItem\",\"position\":2,\"name\":\"Az\u0259rbaycan\u2013 Avropa \u0130ttifaq\u0131 \u015euras\u0131 \u0259laq\u0259l\u0259ri yeni m\u0259rh\u0259l\u0259d\u0259\"}]},{\"@type\":\"WebSite\",\"@id\":\"https:\\\/\\\/yenituran.az\\\/#website\",\"url\":\"https:\\\/\\\/yenituran.az\\\/\",\"name\":\"\u27a1\ufe0f YEN\u0130 TURAN\",\"description\":\"\",\"potentialAction\":[{\"@type\":\"SearchAction\",\"target\":{\"@type\":\"EntryPoint\",\"urlTemplate\":\"https:\\\/\\\/yenituran.az\\\/?s={search_term_string}\"},\"query-input\":{\"@type\":\"PropertyValueSpecification\",\"valueRequired\":true,\"valueName\":\"search_term_string\"}}],\"inLanguage\":\"az\"},{\"@type\":\"Person\",\"@id\":\"https:\\\/\\\/yenituran.az\\\/#\\\/schema\\\/person\\\/85472adb2acc776fbe2eec9981422a3d\",\"name\":\"Yenituran.az\",\"image\":{\"@type\":\"ImageObject\",\"inLanguage\":\"az\",\"@id\":\"https:\\\/\\\/secure.gravatar.com\\\/avatar\\\/ed49ef122403fafb3d9b7a6a4d78864bef4e38936f58e590ddd58c0a034b37a9?s=96&d=mm&r=g\",\"url\":\"https:\\\/\\\/secure.gravatar.com\\\/avatar\\\/ed49ef122403fafb3d9b7a6a4d78864bef4e38936f58e590ddd58c0a034b37a9?s=96&d=mm&r=g\",\"contentUrl\":\"https:\\\/\\\/secure.gravatar.com\\\/avatar\\\/ed49ef122403fafb3d9b7a6a4d78864bef4e38936f58e590ddd58c0a034b37a9?s=96&d=mm&r=g\",\"caption\":\"Yenituran.az\"},\"sameAs\":[\"http:\\\/\\\/yenituran.az\"],\"url\":\"https:\\\/\\\/yenituran.az\\\/?author=1\"}]}<\/script>\n<!-- \/ Yoast SEO plugin. -->","yoast_head_json":{"title":"Az\u0259rbaycan\u2013 Avropa \u0130ttifaq\u0131 \u015euras\u0131 \u0259laq\u0259l\u0259ri yeni m\u0259rh\u0259l\u0259d\u0259 - YEN\u0130 TURANLA X\u018fB\u018fR VAXTI","robots":{"index":"index","follow":"follow","max-snippet":"max-snippet:-1","max-image-preview":"max-image-preview:large","max-video-preview":"max-video-preview:-1"},"canonical":"https:\/\/yenituran.az\/?p=4945","og_locale":"az_AZ","og_type":"article","og_title":"Az\u0259rbaycan\u2013 Avropa \u0130ttifaq\u0131 \u015euras\u0131 \u0259laq\u0259l\u0259ri yeni m\u0259rh\u0259l\u0259d\u0259 - YEN\u0130 TURANLA X\u018fB\u018fR VAXTI","og_description":"Az\u0259rbaycan\u0131n beyn\u0259lxalq t\u0259\u015fkilatlarla \u0259m\u0259kda\u015fl\u0131\u011f\u0131 \u00f6lk\u0259nin siyasi, h\u00fcquqi v\u0259 institusional inki\u015faf\u0131nda m\u00fch\u00fcm rol oynay\u0131r. Bu bax\u0131mdan Az\u0259rbaycan il\u0259 Avropa \u015euras\u0131 aras\u0131nda m\u00fcnasib\u0259tl\u0259r x\u00fcsusi \u0259h\u0259miyy\u0259t k\u0259sb edir. Avropa \u015euras\u0131 Avropa qit\u0259sind\u0259 insan h\u00fcquqlar\u0131n\u0131n qorunmas\u0131, demokratik idar\u0259etm\u0259nin inki\u015faf\u0131 v\u0259 qanunun aliliyinin t\u0259min olunmas\u0131 istiqam\u0259tind\u0259 f\u0259aliyy\u0259t g\u00f6st\u0259r\u0259n \u0259n n\u00fcfuzlu beyn\u0259lxalq t\u0259\u015fkilatlardan biridir. Avropa \u015euras\u0131 1949-cu ild\u0259 Avropada demokratiyan\u0131n v\u0259 [&hellip;]","og_url":"https:\/\/yenituran.az\/?p=4945","og_site_name":"YEN\u0130 TURANLA X\u018fB\u018fR VAXTI","article_published_time":"2026-03-16T07:32:49+00:00","article_modified_time":"2026-03-16T07:32:50+00:00","og_image":[{"width":600,"height":387,"url":"http:\/\/yenituran.az\/wp-content\/uploads\/2025\/11\/nebi.jpg","type":"image\/jpeg"}],"author":"Yenituran.az","twitter_card":"summary_large_image","twitter_misc":{"Written by":"Yenituran.az","Est. reading time":"5 minutes"},"schema":{"@context":"https:\/\/schema.org","@graph":[{"@type":"Article","@id":"https:\/\/yenituran.az\/?p=4945#article","isPartOf":{"@id":"https:\/\/yenituran.az\/?p=4945"},"author":{"name":"Yenituran.az","@id":"https:\/\/yenituran.az\/#\/schema\/person\/85472adb2acc776fbe2eec9981422a3d"},"headline":"Az\u0259rbaycan\u2013 Avropa \u0130ttifaq\u0131 \u015euras\u0131 \u0259laq\u0259l\u0259ri yeni m\u0259rh\u0259l\u0259d\u0259","datePublished":"2026-03-16T07:32:49+00:00","dateModified":"2026-03-16T07:32:50+00:00","mainEntityOfPage":{"@id":"https:\/\/yenituran.az\/?p=4945"},"wordCount":1535,"commentCount":0,"image":{"@id":"https:\/\/yenituran.az\/?p=4945#primaryimage"},"thumbnailUrl":"https:\/\/yenituran.az\/wp-content\/uploads\/2025\/11\/nebi.jpg","articleSection":["M\u018fQAL\u018f"],"inLanguage":"az","potentialAction":[{"@type":"CommentAction","name":"Comment","target":["https:\/\/yenituran.az\/?p=4945#respond"]}]},{"@type":"WebPage","@id":"https:\/\/yenituran.az\/?p=4945","url":"https:\/\/yenituran.az\/?p=4945","name":"Az\u0259rbaycan\u2013 Avropa \u0130ttifaq\u0131 \u015euras\u0131 \u0259laq\u0259l\u0259ri yeni m\u0259rh\u0259l\u0259d\u0259 - YEN\u0130 TURANLA X\u018fB\u018fR VAXTI","isPartOf":{"@id":"https:\/\/yenituran.az\/#website"},"primaryImageOfPage":{"@id":"https:\/\/yenituran.az\/?p=4945#primaryimage"},"image":{"@id":"https:\/\/yenituran.az\/?p=4945#primaryimage"},"thumbnailUrl":"https:\/\/yenituran.az\/wp-content\/uploads\/2025\/11\/nebi.jpg","datePublished":"2026-03-16T07:32:49+00:00","dateModified":"2026-03-16T07:32:50+00:00","author":{"@id":"https:\/\/yenituran.az\/#\/schema\/person\/85472adb2acc776fbe2eec9981422a3d"},"breadcrumb":{"@id":"https:\/\/yenituran.az\/?p=4945#breadcrumb"},"inLanguage":"az","potentialAction":[{"@type":"ReadAction","target":["https:\/\/yenituran.az\/?p=4945"]}]},{"@type":"ImageObject","inLanguage":"az","@id":"https:\/\/yenituran.az\/?p=4945#primaryimage","url":"https:\/\/yenituran.az\/wp-content\/uploads\/2025\/11\/nebi.jpg","contentUrl":"https:\/\/yenituran.az\/wp-content\/uploads\/2025\/11\/nebi.jpg","width":600,"height":387},{"@type":"BreadcrumbList","@id":"https:\/\/yenituran.az\/?p=4945#breadcrumb","itemListElement":[{"@type":"ListItem","position":1,"name":"Home","item":"https:\/\/yenituran.az\/"},{"@type":"ListItem","position":2,"name":"Az\u0259rbaycan\u2013 Avropa \u0130ttifaq\u0131 \u015euras\u0131 \u0259laq\u0259l\u0259ri yeni m\u0259rh\u0259l\u0259d\u0259"}]},{"@type":"WebSite","@id":"https:\/\/yenituran.az\/#website","url":"https:\/\/yenituran.az\/","name":"\u27a1\ufe0f YEN\u0130 TURAN","description":"","potentialAction":[{"@type":"SearchAction","target":{"@type":"EntryPoint","urlTemplate":"https:\/\/yenituran.az\/?s={search_term_string}"},"query-input":{"@type":"PropertyValueSpecification","valueRequired":true,"valueName":"search_term_string"}}],"inLanguage":"az"},{"@type":"Person","@id":"https:\/\/yenituran.az\/#\/schema\/person\/85472adb2acc776fbe2eec9981422a3d","name":"Yenituran.az","image":{"@type":"ImageObject","inLanguage":"az","@id":"https:\/\/secure.gravatar.com\/avatar\/ed49ef122403fafb3d9b7a6a4d78864bef4e38936f58e590ddd58c0a034b37a9?s=96&d=mm&r=g","url":"https:\/\/secure.gravatar.com\/avatar\/ed49ef122403fafb3d9b7a6a4d78864bef4e38936f58e590ddd58c0a034b37a9?s=96&d=mm&r=g","contentUrl":"https:\/\/secure.gravatar.com\/avatar\/ed49ef122403fafb3d9b7a6a4d78864bef4e38936f58e590ddd58c0a034b37a9?s=96&d=mm&r=g","caption":"Yenituran.az"},"sameAs":["http:\/\/yenituran.az"],"url":"https:\/\/yenituran.az\/?author=1"}]}},"_links":{"self":[{"href":"https:\/\/yenituran.az\/index.php?rest_route=\/wp\/v2\/posts\/4945","targetHints":{"allow":["GET"]}}],"collection":[{"href":"https:\/\/yenituran.az\/index.php?rest_route=\/wp\/v2\/posts"}],"about":[{"href":"https:\/\/yenituran.az\/index.php?rest_route=\/wp\/v2\/types\/post"}],"author":[{"embeddable":true,"href":"https:\/\/yenituran.az\/index.php?rest_route=\/wp\/v2\/users\/1"}],"replies":[{"embeddable":true,"href":"https:\/\/yenituran.az\/index.php?rest_route=%2Fwp%2Fv2%2Fcomments&post=4945"}],"version-history":[{"count":1,"href":"https:\/\/yenituran.az\/index.php?rest_route=\/wp\/v2\/posts\/4945\/revisions"}],"predecessor-version":[{"id":4946,"href":"https:\/\/yenituran.az\/index.php?rest_route=\/wp\/v2\/posts\/4945\/revisions\/4946"}],"wp:featuredmedia":[{"embeddable":true,"href":"https:\/\/yenituran.az\/index.php?rest_route=\/wp\/v2\/media\/4457"}],"wp:attachment":[{"href":"https:\/\/yenituran.az\/index.php?rest_route=%2Fwp%2Fv2%2Fmedia&parent=4945"}],"wp:term":[{"taxonomy":"category","embeddable":true,"href":"https:\/\/yenituran.az\/index.php?rest_route=%2Fwp%2Fv2%2Fcategories&post=4945"},{"taxonomy":"post_tag","embeddable":true,"href":"https:\/\/yenituran.az\/index.php?rest_route=%2Fwp%2Fv2%2Ftags&post=4945"}],"curies":[{"name":"wp","href":"https:\/\/api.w.org\/{rel}","templated":true}]}}