{"id":4937,"date":"2026-03-14T10:33:26","date_gmt":"2026-03-14T06:33:26","guid":{"rendered":"https:\/\/yenituran.az\/?p=4937"},"modified":"2026-03-14T10:33:28","modified_gmt":"2026-03-14T06:33:28","slug":"gul%c9%99li-bagirov-ulu-ond%c9%99ri-yad-etdi","status":"publish","type":"post","link":"https:\/\/yenituran.az\/?p=4937","title":{"rendered":"G\u00fcl\u0259li Ba\u011f\u0131rov Ulu \u00d6nd\u0259ri yad etdi"},"content":{"rendered":"\n<p>Bak\u0131da \u201cAzturk Holding\u201din prezidenti G\u00fcl\u0259li Ba\u011f\u0131rov v\u0259 vyetnaml\u0131 i\u015f adamlar\u0131 \u00dcmummilli Lider Heyd\u0259r \u018fliyevin m\u0259zar\u0131n\u0131 ziyar\u0259t edibl\u0259r.<\/p>\n\n\n\n<p><strong>Yenituran.az<\/strong>\u00a0x\u0259b\u0259r verir ki, ziyar\u0259t zaman\u0131 Ulu \u00d6nd\u0259rin d\u00f6vl\u0259t\u00e7ilik siyas\u0259tin\u0259, m\u00fcasir Az\u0259rbaycan\u0131n formala\u015fmas\u0131nda oynad\u0131\u011f\u0131 m\u00fch\u00fcm rola v\u0259 beyn\u0259lxalq \u0259m\u0259kda\u015fl\u0131q prinsipl\u0259rin\u0259 x\u00fcsusi ehtiram ifad\u0259 olunub.<\/p>\n\n\n\n<p>Daha sonra t\u0259r\u0259fl\u0259r aras\u0131nda geni\u015ft\u0259rkibli g\u00f6r\u00fc\u015f ke\u00e7irilib. G\u00f6r\u00fc\u015fd\u0259 Az\u0259rbaycan il\u0259 Vyetnam aras\u0131nda iqtisadi, ticar\u0259t v\u0259 investisiya sah\u0259l\u0259rind\u0259 perspektivli \u0259m\u0259kda\u015fl\u0131q imkanlar\u0131 m\u00fczakir\u0259 edilib. X\u00fcsusi diqq\u0259t s\u0259naye, logistika, enerji, t\u0259hsil v\u0259 texnologiya sah\u0259l\u0259rind\u0259 birg\u0259 layih\u0259l\u0259rin realla\u015fd\u0131r\u0131lmas\u0131na y\u00f6n\u0259ldilib.<\/p>\n\n\n\n<p>\u00c7\u0131x\u0131\u015f\u0131nda G\u00fcl\u0259li Ba\u011f\u0131rov Az\u0259rbaycan\u0131n regionda sabitlik, inki\u015faf v\u0259 investisiya \u00fc\u00e7\u00fcn \u0259lveri\u015fli m\u00fchit yaratd\u0131\u011f\u0131n\u0131 vur\u011fulay\u0131b. O bildirib ki, vyetnaml\u0131 t\u0259r\u0259fda\u015flarla uzunm\u00fcdd\u0259tli v\u0259 strateji \u0259m\u0259kda\u015fl\u0131q h\u0259r iki \u00f6lk\u0259 \u00fc\u00e7\u00fcn \u0259h\u0259miyy\u0259tli faydalar ver\u0259 bil\u0259r.<\/p>\n\n\n\n<p>Vyetnaml\u0131 i\u015f adamlar\u0131 is\u0259 Az\u0259rbaycan\u0131n iqtisadi potensial\u0131n\u0131 y\u00fcks\u0259k qiym\u0259tl\u0259ndir\u0259r\u0259k, \u00f6lk\u0259d\u0259 h\u0259yata ke\u00e7iril\u0259n islahatlar\u0131n v\u0259 beyn\u0259lxalq layih\u0259l\u0259rin biznes \u00fc\u00e7\u00fcn geni\u015f imkanlar yaratd\u0131\u011f\u0131n\u0131 qeyd edibl\u0259r. G\u00f6r\u00fc\u015f qar\u015f\u0131l\u0131ql\u0131 etimad\u0131n g\u00fccl\u0259ndirilm\u0259si v\u0259 g\u0259l\u0259c\u0259k \u0259m\u0259kda\u015fl\u0131q istiqam\u0259tl\u0259rinin m\u00fc\u0259yy\u0259nl\u0259\u015fdirilm\u0259si bax\u0131m\u0131ndan m\u0259hsuldar qiym\u0259tl\u0259ndirilib.<\/p>\n\n\n\n<figure class=\"wp-block-image\"><img decoding=\"async\" src=\"https:\/\/dogru.az\/wp-content\/storage\/2026\/03\/media-img-20260314-wa0008-mlprxz7g83onjw9civb5-300x225.jpg\" alt=\"image-img-20260314-wa0008\" class=\"wp-image-148870\"\/><\/figure>\n","protected":false},"excerpt":{"rendered":"<p>Bak\u0131da \u201cAzturk Holding\u201din prezidenti G\u00fcl\u0259li Ba\u011f\u0131rov v\u0259 vyetnaml\u0131 i\u015f adamlar\u0131 \u00dcmummilli Lider Heyd\u0259r \u018fliyevin m\u0259zar\u0131n\u0131 ziyar\u0259t edibl\u0259r. Yenituran.az\u00a0x\u0259b\u0259r verir ki, ziyar\u0259t zaman\u0131 Ulu \u00d6nd\u0259rin d\u00f6vl\u0259t\u00e7ilik siyas\u0259tin\u0259, m\u00fcasir Az\u0259rbaycan\u0131n formala\u015fmas\u0131nda oynad\u0131\u011f\u0131 m\u00fch\u00fcm rola v\u0259 beyn\u0259lxalq \u0259m\u0259kda\u015fl\u0131q prinsipl\u0259rin\u0259 x\u00fcsusi ehtiram ifad\u0259 olunub. Daha sonra t\u0259r\u0259fl\u0259r aras\u0131nda geni\u015ft\u0259rkibli g\u00f6r\u00fc\u015f ke\u00e7irilib. G\u00f6r\u00fc\u015fd\u0259 Az\u0259rbaycan il\u0259 Vyetnam aras\u0131nda iqtisadi, ticar\u0259t v\u0259 [&hellip;]<\/p>\n","protected":false},"author":1,"featured_media":4938,"comment_status":"open","ping_status":"open","sticky":false,"template":"","format":"standard","meta":{"footnotes":""},"categories":[4],"tags":[],"class_list":["post-4937","post","type-post","status-publish","format-standard","has-post-thumbnail","hentry","category-gundem"],"yoast_head":"<!-- This site is optimized with the Yoast SEO plugin v27.5 - https:\/\/yoast.com\/product\/yoast-seo-wordpress\/ -->\n<title>G\u00fcl\u0259li Ba\u011f\u0131rov Ulu \u00d6nd\u0259ri yad etdi - YEN\u0130 TURANLA X\u018fB\u018fR VAXTI<\/title>\n<meta name=\"robots\" content=\"index, follow, max-snippet:-1, max-image-preview:large, max-video-preview:-1\" \/>\n<link rel=\"canonical\" href=\"https:\/\/yenituran.az\/?p=4937\" \/>\n<meta property=\"og:locale\" content=\"az_AZ\" \/>\n<meta property=\"og:type\" content=\"article\" \/>\n<meta property=\"og:title\" content=\"G\u00fcl\u0259li Ba\u011f\u0131rov Ulu \u00d6nd\u0259ri yad etdi - YEN\u0130 TURANLA X\u018fB\u018fR VAXTI\" \/>\n<meta property=\"og:description\" content=\"Bak\u0131da \u201cAzturk Holding\u201din prezidenti G\u00fcl\u0259li Ba\u011f\u0131rov v\u0259 vyetnaml\u0131 i\u015f adamlar\u0131 \u00dcmummilli Lider Heyd\u0259r \u018fliyevin m\u0259zar\u0131n\u0131 ziyar\u0259t edibl\u0259r. Yenituran.az\u00a0x\u0259b\u0259r verir ki, ziyar\u0259t zaman\u0131 Ulu \u00d6nd\u0259rin d\u00f6vl\u0259t\u00e7ilik siyas\u0259tin\u0259, m\u00fcasir Az\u0259rbaycan\u0131n formala\u015fmas\u0131nda oynad\u0131\u011f\u0131 m\u00fch\u00fcm rola v\u0259 beyn\u0259lxalq \u0259m\u0259kda\u015fl\u0131q prinsipl\u0259rin\u0259 x\u00fcsusi ehtiram ifad\u0259 olunub. Daha sonra t\u0259r\u0259fl\u0259r aras\u0131nda geni\u015ft\u0259rkibli g\u00f6r\u00fc\u015f ke\u00e7irilib. G\u00f6r\u00fc\u015fd\u0259 Az\u0259rbaycan il\u0259 Vyetnam aras\u0131nda iqtisadi, ticar\u0259t v\u0259 [&hellip;]\" \/>\n<meta property=\"og:url\" content=\"https:\/\/yenituran.az\/?p=4937\" \/>\n<meta property=\"og:site_name\" content=\"YEN\u0130 TURANLA X\u018fB\u018fR VAXTI\" \/>\n<meta property=\"article:published_time\" content=\"2026-03-14T06:33:26+00:00\" \/>\n<meta property=\"article:modified_time\" content=\"2026-03-14T06:33:28+00:00\" \/>\n<meta property=\"og:image\" content=\"http:\/\/yenituran.az\/wp-content\/uploads\/2026\/03\/IMG-20260314-WA0007.jpg\" \/>\n\t<meta property=\"og:image:width\" content=\"840\" \/>\n\t<meta property=\"og:image:height\" content=\"420\" \/>\n\t<meta property=\"og:image:type\" content=\"image\/jpeg\" \/>\n<meta name=\"author\" content=\"Yenituran.az\" \/>\n<meta name=\"twitter:card\" content=\"summary_large_image\" \/>\n<meta name=\"twitter:label1\" content=\"Written by\" \/>\n\t<meta name=\"twitter:data1\" content=\"Yenituran.az\" \/>\n\t<meta name=\"twitter:label2\" content=\"Est. reading time\" \/>\n\t<meta name=\"twitter:data2\" content=\"2 minutes\" \/>\n<script type=\"application\/ld+json\" class=\"yoast-schema-graph\">{\"@context\":\"https:\\\/\\\/schema.org\",\"@graph\":[{\"@type\":\"Article\",\"@id\":\"https:\\\/\\\/yenituran.az\\\/?p=4937#article\",\"isPartOf\":{\"@id\":\"https:\\\/\\\/yenituran.az\\\/?p=4937\"},\"author\":{\"name\":\"Yenituran.az\",\"@id\":\"https:\\\/\\\/yenituran.az\\\/#\\\/schema\\\/person\\\/85472adb2acc776fbe2eec9981422a3d\"},\"headline\":\"G\u00fcl\u0259li Ba\u011f\u0131rov Ulu \u00d6nd\u0259ri yad etdi\",\"datePublished\":\"2026-03-14T06:33:26+00:00\",\"dateModified\":\"2026-03-14T06:33:28+00:00\",\"mainEntityOfPage\":{\"@id\":\"https:\\\/\\\/yenituran.az\\\/?p=4937\"},\"wordCount\":284,\"commentCount\":0,\"image\":{\"@id\":\"https:\\\/\\\/yenituran.az\\\/?p=4937#primaryimage\"},\"thumbnailUrl\":\"https:\\\/\\\/yenituran.az\\\/wp-content\\\/uploads\\\/2026\\\/03\\\/IMG-20260314-WA0007.jpg\",\"articleSection\":[\"G\u00dcND\u018fM\"],\"inLanguage\":\"az\",\"potentialAction\":[{\"@type\":\"CommentAction\",\"name\":\"Comment\",\"target\":[\"https:\\\/\\\/yenituran.az\\\/?p=4937#respond\"]}]},{\"@type\":\"WebPage\",\"@id\":\"https:\\\/\\\/yenituran.az\\\/?p=4937\",\"url\":\"https:\\\/\\\/yenituran.az\\\/?p=4937\",\"name\":\"G\u00fcl\u0259li Ba\u011f\u0131rov Ulu \u00d6nd\u0259ri yad etdi - YEN\u0130 TURANLA X\u018fB\u018fR VAXTI\",\"isPartOf\":{\"@id\":\"https:\\\/\\\/yenituran.az\\\/#website\"},\"primaryImageOfPage\":{\"@id\":\"https:\\\/\\\/yenituran.az\\\/?p=4937#primaryimage\"},\"image\":{\"@id\":\"https:\\\/\\\/yenituran.az\\\/?p=4937#primaryimage\"},\"thumbnailUrl\":\"https:\\\/\\\/yenituran.az\\\/wp-content\\\/uploads\\\/2026\\\/03\\\/IMG-20260314-WA0007.jpg\",\"datePublished\":\"2026-03-14T06:33:26+00:00\",\"dateModified\":\"2026-03-14T06:33:28+00:00\",\"author\":{\"@id\":\"https:\\\/\\\/yenituran.az\\\/#\\\/schema\\\/person\\\/85472adb2acc776fbe2eec9981422a3d\"},\"breadcrumb\":{\"@id\":\"https:\\\/\\\/yenituran.az\\\/?p=4937#breadcrumb\"},\"inLanguage\":\"az\",\"potentialAction\":[{\"@type\":\"ReadAction\",\"target\":[\"https:\\\/\\\/yenituran.az\\\/?p=4937\"]}]},{\"@type\":\"ImageObject\",\"inLanguage\":\"az\",\"@id\":\"https:\\\/\\\/yenituran.az\\\/?p=4937#primaryimage\",\"url\":\"https:\\\/\\\/yenituran.az\\\/wp-content\\\/uploads\\\/2026\\\/03\\\/IMG-20260314-WA0007.jpg\",\"contentUrl\":\"https:\\\/\\\/yenituran.az\\\/wp-content\\\/uploads\\\/2026\\\/03\\\/IMG-20260314-WA0007.jpg\",\"width\":840,\"height\":420},{\"@type\":\"BreadcrumbList\",\"@id\":\"https:\\\/\\\/yenituran.az\\\/?p=4937#breadcrumb\",\"itemListElement\":[{\"@type\":\"ListItem\",\"position\":1,\"name\":\"Home\",\"item\":\"https:\\\/\\\/yenituran.az\\\/\"},{\"@type\":\"ListItem\",\"position\":2,\"name\":\"G\u00fcl\u0259li Ba\u011f\u0131rov Ulu \u00d6nd\u0259ri yad etdi\"}]},{\"@type\":\"WebSite\",\"@id\":\"https:\\\/\\\/yenituran.az\\\/#website\",\"url\":\"https:\\\/\\\/yenituran.az\\\/\",\"name\":\"\u27a1\ufe0f YEN\u0130 TURAN\",\"description\":\"\",\"potentialAction\":[{\"@type\":\"SearchAction\",\"target\":{\"@type\":\"EntryPoint\",\"urlTemplate\":\"https:\\\/\\\/yenituran.az\\\/?s={search_term_string}\"},\"query-input\":{\"@type\":\"PropertyValueSpecification\",\"valueRequired\":true,\"valueName\":\"search_term_string\"}}],\"inLanguage\":\"az\"},{\"@type\":\"Person\",\"@id\":\"https:\\\/\\\/yenituran.az\\\/#\\\/schema\\\/person\\\/85472adb2acc776fbe2eec9981422a3d\",\"name\":\"Yenituran.az\",\"image\":{\"@type\":\"ImageObject\",\"inLanguage\":\"az\",\"@id\":\"https:\\\/\\\/secure.gravatar.com\\\/avatar\\\/ed49ef122403fafb3d9b7a6a4d78864bef4e38936f58e590ddd58c0a034b37a9?s=96&d=mm&r=g\",\"url\":\"https:\\\/\\\/secure.gravatar.com\\\/avatar\\\/ed49ef122403fafb3d9b7a6a4d78864bef4e38936f58e590ddd58c0a034b37a9?s=96&d=mm&r=g\",\"contentUrl\":\"https:\\\/\\\/secure.gravatar.com\\\/avatar\\\/ed49ef122403fafb3d9b7a6a4d78864bef4e38936f58e590ddd58c0a034b37a9?s=96&d=mm&r=g\",\"caption\":\"Yenituran.az\"},\"sameAs\":[\"http:\\\/\\\/yenituran.az\"],\"url\":\"https:\\\/\\\/yenituran.az\\\/?author=1\"}]}<\/script>\n<!-- \/ Yoast SEO plugin. -->","yoast_head_json":{"title":"G\u00fcl\u0259li Ba\u011f\u0131rov Ulu \u00d6nd\u0259ri yad etdi - YEN\u0130 TURANLA X\u018fB\u018fR VAXTI","robots":{"index":"index","follow":"follow","max-snippet":"max-snippet:-1","max-image-preview":"max-image-preview:large","max-video-preview":"max-video-preview:-1"},"canonical":"https:\/\/yenituran.az\/?p=4937","og_locale":"az_AZ","og_type":"article","og_title":"G\u00fcl\u0259li Ba\u011f\u0131rov Ulu \u00d6nd\u0259ri yad etdi - YEN\u0130 TURANLA X\u018fB\u018fR VAXTI","og_description":"Bak\u0131da \u201cAzturk Holding\u201din prezidenti G\u00fcl\u0259li Ba\u011f\u0131rov v\u0259 vyetnaml\u0131 i\u015f adamlar\u0131 \u00dcmummilli Lider Heyd\u0259r \u018fliyevin m\u0259zar\u0131n\u0131 ziyar\u0259t edibl\u0259r. Yenituran.az\u00a0x\u0259b\u0259r verir ki, ziyar\u0259t zaman\u0131 Ulu \u00d6nd\u0259rin d\u00f6vl\u0259t\u00e7ilik siyas\u0259tin\u0259, m\u00fcasir Az\u0259rbaycan\u0131n formala\u015fmas\u0131nda oynad\u0131\u011f\u0131 m\u00fch\u00fcm rola v\u0259 beyn\u0259lxalq \u0259m\u0259kda\u015fl\u0131q prinsipl\u0259rin\u0259 x\u00fcsusi ehtiram ifad\u0259 olunub. Daha sonra t\u0259r\u0259fl\u0259r aras\u0131nda geni\u015ft\u0259rkibli g\u00f6r\u00fc\u015f ke\u00e7irilib. G\u00f6r\u00fc\u015fd\u0259 Az\u0259rbaycan il\u0259 Vyetnam aras\u0131nda iqtisadi, ticar\u0259t v\u0259 [&hellip;]","og_url":"https:\/\/yenituran.az\/?p=4937","og_site_name":"YEN\u0130 TURANLA X\u018fB\u018fR VAXTI","article_published_time":"2026-03-14T06:33:26+00:00","article_modified_time":"2026-03-14T06:33:28+00:00","og_image":[{"width":840,"height":420,"url":"http:\/\/yenituran.az\/wp-content\/uploads\/2026\/03\/IMG-20260314-WA0007.jpg","type":"image\/jpeg"}],"author":"Yenituran.az","twitter_card":"summary_large_image","twitter_misc":{"Written by":"Yenituran.az","Est. reading time":"2 minutes"},"schema":{"@context":"https:\/\/schema.org","@graph":[{"@type":"Article","@id":"https:\/\/yenituran.az\/?p=4937#article","isPartOf":{"@id":"https:\/\/yenituran.az\/?p=4937"},"author":{"name":"Yenituran.az","@id":"https:\/\/yenituran.az\/#\/schema\/person\/85472adb2acc776fbe2eec9981422a3d"},"headline":"G\u00fcl\u0259li Ba\u011f\u0131rov Ulu \u00d6nd\u0259ri yad etdi","datePublished":"2026-03-14T06:33:26+00:00","dateModified":"2026-03-14T06:33:28+00:00","mainEntityOfPage":{"@id":"https:\/\/yenituran.az\/?p=4937"},"wordCount":284,"commentCount":0,"image":{"@id":"https:\/\/yenituran.az\/?p=4937#primaryimage"},"thumbnailUrl":"https:\/\/yenituran.az\/wp-content\/uploads\/2026\/03\/IMG-20260314-WA0007.jpg","articleSection":["G\u00dcND\u018fM"],"inLanguage":"az","potentialAction":[{"@type":"CommentAction","name":"Comment","target":["https:\/\/yenituran.az\/?p=4937#respond"]}]},{"@type":"WebPage","@id":"https:\/\/yenituran.az\/?p=4937","url":"https:\/\/yenituran.az\/?p=4937","name":"G\u00fcl\u0259li Ba\u011f\u0131rov Ulu \u00d6nd\u0259ri yad etdi - YEN\u0130 TURANLA X\u018fB\u018fR VAXTI","isPartOf":{"@id":"https:\/\/yenituran.az\/#website"},"primaryImageOfPage":{"@id":"https:\/\/yenituran.az\/?p=4937#primaryimage"},"image":{"@id":"https:\/\/yenituran.az\/?p=4937#primaryimage"},"thumbnailUrl":"https:\/\/yenituran.az\/wp-content\/uploads\/2026\/03\/IMG-20260314-WA0007.jpg","datePublished":"2026-03-14T06:33:26+00:00","dateModified":"2026-03-14T06:33:28+00:00","author":{"@id":"https:\/\/yenituran.az\/#\/schema\/person\/85472adb2acc776fbe2eec9981422a3d"},"breadcrumb":{"@id":"https:\/\/yenituran.az\/?p=4937#breadcrumb"},"inLanguage":"az","potentialAction":[{"@type":"ReadAction","target":["https:\/\/yenituran.az\/?p=4937"]}]},{"@type":"ImageObject","inLanguage":"az","@id":"https:\/\/yenituran.az\/?p=4937#primaryimage","url":"https:\/\/yenituran.az\/wp-content\/uploads\/2026\/03\/IMG-20260314-WA0007.jpg","contentUrl":"https:\/\/yenituran.az\/wp-content\/uploads\/2026\/03\/IMG-20260314-WA0007.jpg","width":840,"height":420},{"@type":"BreadcrumbList","@id":"https:\/\/yenituran.az\/?p=4937#breadcrumb","itemListElement":[{"@type":"ListItem","position":1,"name":"Home","item":"https:\/\/yenituran.az\/"},{"@type":"ListItem","position":2,"name":"G\u00fcl\u0259li Ba\u011f\u0131rov Ulu \u00d6nd\u0259ri yad etdi"}]},{"@type":"WebSite","@id":"https:\/\/yenituran.az\/#website","url":"https:\/\/yenituran.az\/","name":"\u27a1\ufe0f YEN\u0130 TURAN","description":"","potentialAction":[{"@type":"SearchAction","target":{"@type":"EntryPoint","urlTemplate":"https:\/\/yenituran.az\/?s={search_term_string}"},"query-input":{"@type":"PropertyValueSpecification","valueRequired":true,"valueName":"search_term_string"}}],"inLanguage":"az"},{"@type":"Person","@id":"https:\/\/yenituran.az\/#\/schema\/person\/85472adb2acc776fbe2eec9981422a3d","name":"Yenituran.az","image":{"@type":"ImageObject","inLanguage":"az","@id":"https:\/\/secure.gravatar.com\/avatar\/ed49ef122403fafb3d9b7a6a4d78864bef4e38936f58e590ddd58c0a034b37a9?s=96&d=mm&r=g","url":"https:\/\/secure.gravatar.com\/avatar\/ed49ef122403fafb3d9b7a6a4d78864bef4e38936f58e590ddd58c0a034b37a9?s=96&d=mm&r=g","contentUrl":"https:\/\/secure.gravatar.com\/avatar\/ed49ef122403fafb3d9b7a6a4d78864bef4e38936f58e590ddd58c0a034b37a9?s=96&d=mm&r=g","caption":"Yenituran.az"},"sameAs":["http:\/\/yenituran.az"],"url":"https:\/\/yenituran.az\/?author=1"}]}},"_links":{"self":[{"href":"https:\/\/yenituran.az\/index.php?rest_route=\/wp\/v2\/posts\/4937","targetHints":{"allow":["GET"]}}],"collection":[{"href":"https:\/\/yenituran.az\/index.php?rest_route=\/wp\/v2\/posts"}],"about":[{"href":"https:\/\/yenituran.az\/index.php?rest_route=\/wp\/v2\/types\/post"}],"author":[{"embeddable":true,"href":"https:\/\/yenituran.az\/index.php?rest_route=\/wp\/v2\/users\/1"}],"replies":[{"embeddable":true,"href":"https:\/\/yenituran.az\/index.php?rest_route=%2Fwp%2Fv2%2Fcomments&post=4937"}],"version-history":[{"count":1,"href":"https:\/\/yenituran.az\/index.php?rest_route=\/wp\/v2\/posts\/4937\/revisions"}],"predecessor-version":[{"id":4939,"href":"https:\/\/yenituran.az\/index.php?rest_route=\/wp\/v2\/posts\/4937\/revisions\/4939"}],"wp:featuredmedia":[{"embeddable":true,"href":"https:\/\/yenituran.az\/index.php?rest_route=\/wp\/v2\/media\/4938"}],"wp:attachment":[{"href":"https:\/\/yenituran.az\/index.php?rest_route=%2Fwp%2Fv2%2Fmedia&parent=4937"}],"wp:term":[{"taxonomy":"category","embeddable":true,"href":"https:\/\/yenituran.az\/index.php?rest_route=%2Fwp%2Fv2%2Fcategories&post=4937"},{"taxonomy":"post_tag","embeddable":true,"href":"https:\/\/yenituran.az\/index.php?rest_route=%2Fwp%2Fv2%2Ftags&post=4937"}],"curies":[{"name":"wp","href":"https:\/\/api.w.org\/{rel}","templated":true}]}}